{"id":29677,"date":"2020-09-28T17:34:40","date_gmt":"2020-09-28T20:34:40","guid":{"rendered":"https:\/\/www.portalalerta.com.br\/?p=29677"},"modified":"2020-09-28T17:34:40","modified_gmt":"2020-09-28T20:34:40","slug":"dona-de-casa-processa-uniao-por-us-1-000-de-auxilio-que-bolsonaro-citou-na-onu","status":"publish","type":"post","link":"https:\/\/www.portalalerta.com.br\/index.php\/2020\/09\/28\/dona-de-casa-processa-uniao-por-us-1-000-de-auxilio-que-bolsonaro-citou-na-onu\/","title":{"rendered":"Dona de casa processa Uni\u00e3o por US$ 1.000 de aux\u00edlio que Bolsonaro citou na ONU"},"content":{"rendered":"<p style=\"text-align: justify;\">Quando ouviu Jair Bolsonaro dizer, em seu discurso da ONU, que concedeu cerca de US$ 1.000 para 65 milh\u00f5es de pessoas, &#8220;o maior programa de assist\u00eancia aos mais pobres no Brasil e talvez um dos maiores do mundo&#8221;, uma dona de casa da zona norte carioca se indignou. Ela faz parte, afinal, dessa multid\u00e3o e n\u00e3o viu nem a sombra de tanto dinheiro. Ligou para a advogada.<!--more--><\/p>\n<p style=\"text-align: justify;\">O valor citado pelo presidente, na cota\u00e7\u00e3o atual do d\u00f3lar, d\u00e1 cerca de R$ 5.500. Somando os quatro meses dos R$ 600 que recebeu de aux\u00edlio emergencial: R$ 2.400. Nem metade.<\/p>\n<p style=\"text-align: justify;\">O trabalhador ainda pode ganhar uma parcela de R$ 600 e quatro de R$ 300, mas, ainda assim, o total fica R$ 1.300 abaixo do estimado por Bolsonaro.<\/p>\n<p style=\"text-align: justify;\">As defensoras Leila Loureiro e Noemy Titan entraram na quinta-feira (24), dois dias ap\u00f3s a fala presidencial na Assembleia Geral da ONU, com uma a\u00e7\u00e3o na Justi\u00e7a Federal. Pedem a diferen\u00e7a entre o que Bolsonaro declarou que o benefici\u00e1rio teve direito e o que de fato entrou na conta banc\u00e1ria da mulher. O G1 revelou o caso, confirmado pela Folha de S.Paulo.<\/p>\n<div data-mvc-banner=\"leaderboard\"><\/div>\n<p><script type=\"text\/javascript\"> (function(storeName) { var b = document.createElement('script'); b.type = 'text\/javascript'; b.async = true; b.src = 'https:\/\/www.magazinevoce.com.br\/js\/banner.js?store='+ storeName; var s = document.getElementsByTagName('script')[0]; s.parentNode.insertBefore(b, s); })('Nvscosta'); <\/script><\/p>\n<p>&#8220;Ela \u00e9 desempregada, uma senhora de 70 e poucos anos&#8221;, diz Titan \u00e0 reportagem. &#8220;\u00c9 uma cliente antiga da doutora Leila, viu o discurso e achou um desrespeito com o cidad\u00e3o. [Perguntou:] &#8216;Tem uma forma de ajuizar essa causa&#8217;?&#8221;<\/p>\n<p style=\"text-align: justify;\">As advogadas recorreram \u00e0 Constitui\u00e7\u00e3o e encontraram a resposta em dois artigos: o 37, sobre a administra\u00e7\u00e3o p\u00fablica obedecer &#8220;aos princ\u00edpios de legalidade, impessoalidade, moralidade, publicidade e efici\u00eancia&#8221;, e o 78, segundo o qual o presidente deve &#8220;observar as leis&#8221; e &#8220;promover o bem geral do povo brasileiro&#8221;.<\/p>\n<p style=\"text-align: justify;\">&#8220;Traduzindo, a palavra do chefe da na\u00e7\u00e3o \u00e9 respeitada, tem credibilidade perante o p\u00fablico, principalmente por ser na ONU&#8221;, diz Titan.<\/p>\n<p style=\"text-align: justify;\">A cliente, que por ora prefere se manter an\u00f4nima, gosta da ideia de que sua iniciativa &#8220;sirva de exemplo para que outras pessoas procurem a Justi\u00e7a&#8221;, afirma a advogada.<\/p>\n<p style=\"text-align: justify;\">A ju\u00edza federal substituta Angelina de Siqueira Costa deu dez dias para a Uni\u00e3o responder a cita\u00e7\u00e3o e mais 30 para apresentar sua defesa.<\/p>\n<p style=\"text-align: justify;\">A causa totaliza R$ 9.420, considerando a indeniza\u00e7\u00e3o por danos morais que a dona de casa pleiteia. &#8220;\u00c9 uma a\u00e7\u00e3o de cunho pedag\u00f3gico. Ela se sentiu ofendida, como cidad\u00e3&#8221;, diz Titan. &#8220;Foi iludida.&#8221;<\/p>\n<p style=\"text-align: justify;\"><em>Fonte: Yahoo Not\u00edcias<\/em><\/p>\n","protected":false},"excerpt":{"rendered":"<p>Quando ouviu Jair Bolsonaro dizer, em seu discurso da ONU, que concedeu cerca de US$ 1.000 para 65 milh\u00f5es de pessoas, &#8220;o maior programa de assist\u00eancia aos mais pobres no Brasil e talvez um dos maiores do mundo&#8221;, uma dona de casa da zona norte carioca se indignou. Ela faz parte, afinal, dessa multid\u00e3o e &hellip;<\/p>\n","protected":false},"author":2,"featured_media":29544,"comment_status":"open","ping_status":"open","sticky":false,"template":"","format":"standard","meta":{"om_disable_all_campaigns":false,"_monsterinsights_skip_tracking":false,"_monsterinsights_sitenote_active":false,"_monsterinsights_sitenote_note":"","_monsterinsights_sitenote_category":0,"footnotes":""},"categories":[34,70,69,21,19],"tags":[3591,93,1395,1724],"class_list":["post-29677","post","type-post","status-publish","format-standard","has-post-thumbnail","hentry","category-brasil","category-destaques","category-noticias2","category-politica","category-saude","tag-auxilio-emergencial","tag-brasil","tag-jair-bolsonaro","tag-processo"],"aioseo_notices":[],"_links":{"self":[{"href":"https:\/\/www.portalalerta.com.br\/index.php\/wp-json\/wp\/v2\/posts\/29677","targetHints":{"allow":["GET"]}}],"collection":[{"href":"https:\/\/www.portalalerta.com.br\/index.php\/wp-json\/wp\/v2\/posts"}],"about":[{"href":"https:\/\/www.portalalerta.com.br\/index.php\/wp-json\/wp\/v2\/types\/post"}],"author":[{"embeddable":true,"href":"https:\/\/www.portalalerta.com.br\/index.php\/wp-json\/wp\/v2\/users\/2"}],"replies":[{"embeddable":true,"href":"https:\/\/www.portalalerta.com.br\/index.php\/wp-json\/wp\/v2\/comments?post=29677"}],"version-history":[{"count":1,"href":"https:\/\/www.portalalerta.com.br\/index.php\/wp-json\/wp\/v2\/posts\/29677\/revisions"}],"predecessor-version":[{"id":29678,"href":"https:\/\/www.portalalerta.com.br\/index.php\/wp-json\/wp\/v2\/posts\/29677\/revisions\/29678"}],"wp:featuredmedia":[{"embeddable":true,"href":"https:\/\/www.portalalerta.com.br\/index.php\/wp-json\/wp\/v2\/media\/29544"}],"wp:attachment":[{"href":"https:\/\/www.portalalerta.com.br\/index.php\/wp-json\/wp\/v2\/media?parent=29677"}],"wp:term":[{"taxonomy":"category","embeddable":true,"href":"https:\/\/www.portalalerta.com.br\/index.php\/wp-json\/wp\/v2\/categories?post=29677"},{"taxonomy":"post_tag","embeddable":true,"href":"https:\/\/www.portalalerta.com.br\/index.php\/wp-json\/wp\/v2\/tags?post=29677"}],"curies":[{"name":"wp","href":"https:\/\/api.w.org\/{rel}","templated":true}]}}