{"id":29736,"date":"2020-10-01T15:51:47","date_gmt":"2020-10-01T18:51:47","guid":{"rendered":"https:\/\/www.portalalerta.com.br\/?p=29736"},"modified":"2020-10-01T15:56:25","modified_gmt":"2020-10-01T18:56:25","slug":"apos-setembro-caotico-numero-de-queimadas-no-pantanal-bate-recorde-historico-em-2020","status":"publish","type":"post","link":"https:\/\/www.portalalerta.com.br\/index.php\/2020\/10\/01\/apos-setembro-caotico-numero-de-queimadas-no-pantanal-bate-recorde-historico-em-2020\/","title":{"rendered":"Ap\u00f3s setembro ca\u00f3tico, n\u00famero de queimadas no Pantanal bate recorde hist\u00f3rico em 2020"},"content":{"rendered":"<p style=\"text-align: justify;\">Setembro foi um m\u00eas de agonia para um dos principais biomas do pa\u00eds. No per\u00edodo, o\u00a0Pantanal\u00a0registrou 8.106 focos de inc\u00eandio, de acordo com dados do Instituto Nacional de Pesquisas Espaciais (Inpe). O m\u00eas passado foi o pior j\u00e1 registrado em n\u00famero de focos de inc\u00eandio no bioma desde 1998, quando o monitoramento do instituto come\u00e7ou a ser realizado.<!--more--><\/p>\n<p style=\"text-align: justify;\">Mesmo com tr\u00eas meses para o fim de 2020, o ano tamb\u00e9m j\u00e1 \u00e9 o recordista de focos de inc\u00eandio no Pantanal: de 1\u00ba de janeiro at\u00e9 30 de setembro, foram 18.259 focos. O recorde anterior era de 2005 com 12.536. Alta \u00e9 de mais de 45%.<\/p>\n<p style=\"text-align: justify;\">A\u00a0Amaz\u00f4nia, por sua vez, tamb\u00e9m registrou aumento no n\u00famero de focos de inc\u00eandio. Em setembro de 2019 foram 19.925 contra 32.017 neste ano, um crescimento de 61%.<\/p>\n<p style=\"text-align: justify;\">Outro recorde negativa paira sobre a Amaz\u00f4nia. No total, de janeiro at\u00e9 o fim de setembro de 2019, foram 66.749 focos de inc\u00eandio na floresta. Neste ano, j\u00e1 s\u00e3o 76.030, aumento de 14%.<\/p>\n<div style=\"text-align: justify;\" data-mvc-banner=\"leaderboard\"><\/div>\n<p style=\"text-align: justify;\"><script type=\"text\/javascript\"> (function(storeName) { var b = document.createElement('script'); b.type = 'text\/javascript'; b.async = true; b.src = 'https:\/\/www.magazinevoce.com.br\/js\/banner.js?store='+ storeName; var s = document.getElementsByTagName('script')[0]; s.parentNode.insertBefore(b, s); })('Nvscosta'); <\/script><\/p>\n<p style=\"text-align: justify;\">De acordo com o dado mais recente do Inpe, divulgado em 31 de agosto, o Brasil perdeu mais de 53 mil km\u00b2 de mata nativa da Amaz\u00f4nia e do Pantanal juntos. Para compara\u00e7\u00e3o, o n\u00famero \u00e9 equivalente a 34 cidades de S\u00e3o Paulo.<\/p>\n<p style=\"text-align: justify;\"><strong>Governo se esquiva de crise<\/strong><\/p>\n<p style=\"text-align: justify;\">Mesmo com os n\u00fameros evidenciando uma realidade catastr\u00f3fica, o presidente\u00a0Jair Bolsonaro\u00a0(sem partido), afirmou em discurso na c\u00fapula sobre biodiversidade da Organiza\u00e7\u00e3o das Na\u00e7\u00f5es Unidas (ONU), que seu governo realiza um trabalho sem precedentes na \u00e1rea ambiental.<\/p>\n<p style=\"text-align: justify;\">Em discurso gravado, exibido nesta quarta-feira (30), o presidente voltou a atacar \u201calgumas ONGS&#8221; que, segundo ele comandam \u201ccrimes ambientais\u201d no Brasil e no exterior. Mais uma vez, o presidente n\u00e3o apresentou provas para embasar suas acusa\u00e7\u00f5es.<\/p>\n<p style=\"text-align: justify;\">No \u00faltimo final de semana, a Secretaria Especial de Comunica\u00e7\u00e3o Social da Presid\u00eancia da Rep\u00fablica (Secom) publicou informa\u00e7\u00f5es incorretas sobre as queimadas registradas no pa\u00eds em 2020. F\u00e1bio F\u00e1ria, ministro das Comunica\u00e7\u00f5es, admitiu que informa\u00e7\u00e3o era falsa.<\/p>\n<p style=\"text-align: justify;\"><em>Fonte: Yahoo Not\u00edcias<\/em><\/p>\n","protected":false},"excerpt":{"rendered":"<p>Setembro foi um m\u00eas de agonia para um dos principais biomas do pa\u00eds. No per\u00edodo, o\u00a0Pantanal\u00a0registrou 8.106 focos de inc\u00eandio, de acordo com dados do Instituto Nacional de Pesquisas Espaciais (Inpe). O m\u00eas passado foi o pior j\u00e1 registrado em n\u00famero de focos de inc\u00eandio no bioma desde 1998, quando o monitoramento do instituto come\u00e7ou &hellip;<\/p>\n","protected":false},"author":2,"featured_media":19017,"comment_status":"open","ping_status":"open","sticky":false,"template":"","format":"standard","meta":{"om_disable_all_campaigns":false,"_monsterinsights_skip_tracking":false,"_monsterinsights_sitenote_active":false,"_monsterinsights_sitenote_note":"","_monsterinsights_sitenote_category":0,"footnotes":""},"categories":[34,70,69],"tags":[100,71,48,49,93,75,45,46,129,107,3077,44,593,132,230,3828,106,203,120,51,109,88,47,111,190],"class_list":["post-29736","post","type-post","status-publish","format-standard","has-post-thumbnail","hentry","category-brasil","category-destaques","category-noticias2","tag-adustina","tag-antas","tag-araci","tag-banzae","tag-brasil","tag-cicero-dantas","tag-cipo","tag-crisopolis","tag-euclides-da-cunha","tag-fatima","tag-floresta","tag-heliopolis","tag-incendio","tag-itapicuru","tag-jeremoabo","tag-noticias","tag-nova-soure","tag-novo-triunfo","tag-olindina","tag-paripiranga","tag-quijingue","tag-ribeira-do-amparo","tag-ribeira-do-pombal","tag-sitio-do-quinto","tag-tucano"],"aioseo_notices":[],"_links":{"self":[{"href":"https:\/\/www.portalalerta.com.br\/index.php\/wp-json\/wp\/v2\/posts\/29736","targetHints":{"allow":["GET"]}}],"collection":[{"href":"https:\/\/www.portalalerta.com.br\/index.php\/wp-json\/wp\/v2\/posts"}],"about":[{"href":"https:\/\/www.portalalerta.com.br\/index.php\/wp-json\/wp\/v2\/types\/post"}],"author":[{"embeddable":true,"href":"https:\/\/www.portalalerta.com.br\/index.php\/wp-json\/wp\/v2\/users\/2"}],"replies":[{"embeddable":true,"href":"https:\/\/www.portalalerta.com.br\/index.php\/wp-json\/wp\/v2\/comments?post=29736"}],"version-history":[{"count":3,"href":"https:\/\/www.portalalerta.com.br\/index.php\/wp-json\/wp\/v2\/posts\/29736\/revisions"}],"predecessor-version":[{"id":29739,"href":"https:\/\/www.portalalerta.com.br\/index.php\/wp-json\/wp\/v2\/posts\/29736\/revisions\/29739"}],"wp:featuredmedia":[{"embeddable":true,"href":"https:\/\/www.portalalerta.com.br\/index.php\/wp-json\/wp\/v2\/media\/19017"}],"wp:attachment":[{"href":"https:\/\/www.portalalerta.com.br\/index.php\/wp-json\/wp\/v2\/media?parent=29736"}],"wp:term":[{"taxonomy":"category","embeddable":true,"href":"https:\/\/www.portalalerta.com.br\/index.php\/wp-json\/wp\/v2\/categories?post=29736"},{"taxonomy":"post_tag","embeddable":true,"href":"https:\/\/www.portalalerta.com.br\/index.php\/wp-json\/wp\/v2\/tags?post=29736"}],"curies":[{"name":"wp","href":"https:\/\/api.w.org\/{rel}","templated":true}]}}