{"id":29755,"date":"2020-10-03T11:25:46","date_gmt":"2020-10-03T14:25:46","guid":{"rendered":"https:\/\/www.portalalerta.com.br\/?p=29755"},"modified":"2020-10-03T11:25:46","modified_gmt":"2020-10-03T14:25:46","slug":"trump-passa-bem-em-hospital-e-inicia-tratamento-com-antiviral","status":"publish","type":"post","link":"https:\/\/www.portalalerta.com.br\/index.php\/2020\/10\/03\/trump-passa-bem-em-hospital-e-inicia-tratamento-com-antiviral\/","title":{"rendered":"Trump passa bem em hospital e inicia tratamento com antiviral"},"content":{"rendered":"<p style=\"text-align: justify;\">A primeira noite do\u00a0presidente dos Estados Unidos, Donald Trump, no hospital\u00a0transcorreu bem, informou o m\u00e9dico da Casa Branca, Sean Conley. O republicano foi diagnosticado com covid-19 na sexta-feira (2).<!--more--><\/p>\n<p style=\"text-align: justify;\">Em declara\u00e7\u00e3o reproduzida pela rede de TV\u00a0<em>NBC News<\/em>, Conley diz que &#8220;o presidente est\u00e1 indo muito bem&#8221;.<\/p>\n<p style=\"text-align: justify;\">&#8220;Ele n\u00e3o necessita oxig\u00eanio suplementar, mas em consulta com especialistas, n\u00f3s optamos por iniciar o tratamento com Remdesivir&#8221;, acrescentou o m\u00e9dico.<\/p>\n<p style=\"text-align: justify;\">O\u00a0Remdesivir \u00e9 um antiviral\u00a0ainda em fase de estudos para a covid-19, mas que obteve nos Estados Unidos autoriza\u00e7\u00e3o emergencial. A droga apresentou, nos primeiros resultados, potencial de reduzir o tempo de interna\u00e7\u00e3o de pacientes graves.<\/p>\n<p style=\"text-align: justify;\"><img fetchpriority=\"high\" decoding=\"async\" class=\"size-thumbnail wp-image-9394 alignleft\" src=\"https:\/\/www.portalalerta.com.br\/wp-content\/uploads\/2018\/07\/05elab-320x240.jpg\" alt=\"\" width=\"320\" height=\"240\" srcset=\"https:\/\/www.portalalerta.com.br\/wp-content\/uploads\/2018\/07\/05elab-320x240.jpg 320w, https:\/\/www.portalalerta.com.br\/wp-content\/uploads\/2018\/07\/05elab-195x146.jpg 195w, https:\/\/www.portalalerta.com.br\/wp-content\/uploads\/2018\/07\/05elab-50x38.jpg 50w, https:\/\/www.portalalerta.com.br\/wp-content\/uploads\/2018\/07\/05elab-100x75.jpg 100w, https:\/\/www.portalalerta.com.br\/wp-content\/uploads\/2018\/07\/05elab.jpg 400w\" sizes=\"(max-width: 320px) 100vw, 320px\" \/>Trump tamb\u00e9m tomou ontem um\u00a0coquetel experimental de anticorpos\u00a0desenvolvido pela Regeneron.<\/p>\n<p style=\"text-align: justify;\">Ele j\u00e1 tomou a primeira dose, sem intercorr\u00eancias. Ainda na noite de ontem, Trump tuitou para agradecer mensagens de apoio.<\/p>\n<p style=\"text-align: justify;\">&#8220;Indo bem, eu acho! Obrigado a todos. AMOR!!!&#8221;, escreveu na rede social.<\/p>\n<p style=\"text-align: justify;\">O presidente, de 74 anos,\u00a0passou a sexta-feira isolado na Casa Branca\u00a0com cansa\u00e7o, febre baixa e calafrios. Por precau\u00e7\u00e3o, os m\u00e9dicos decidiram transferi-lo para o Centro M\u00e9dico Militar Walter Reed, em Maryland.<\/p>\n<p style=\"text-align: justify;\">O hospital tem toda uma ala reservada aos presidente dos Estados Unidos, com UTI exclusiva, caso seja necess\u00e1rio, e tamb\u00e9m escrit\u00f3rio, onde Trump continuar\u00e1 despachando.<\/p>\n<p style=\"text-align: justify;\">A primeira-dama, Melania Trump, tamb\u00e9m diagnosticada com covid-19, permanece isolada na Casa Branca. Ela apresentou tosse leve e dor de cabe\u00e7a.<\/p>\n<p style=\"text-align: justify;\"><em>Fonte: Yahoo Not\u00edcias<\/em><\/p>\n","protected":false},"excerpt":{"rendered":"<p>A primeira noite do\u00a0presidente dos Estados Unidos, Donald Trump, no hospital\u00a0transcorreu bem, informou o m\u00e9dico da Casa Branca, Sean Conley. O republicano foi diagnosticado com covid-19 na sexta-feira (2).<\/p>\n","protected":false},"author":2,"featured_media":29533,"comment_status":"open","ping_status":"open","sticky":false,"template":"","format":"standard","meta":{"om_disable_all_campaigns":false,"_monsterinsights_skip_tracking":false,"_monsterinsights_sitenote_active":false,"_monsterinsights_sitenote_note":"","_monsterinsights_sitenote_category":0,"footnotes":""},"categories":[70,35,69,21,19],"tags":[100,71,48,49,75,45,3429,3486,46,897,327,129,107,44,132,230,339,3828,106,203,120,51,94,109,88,47,61,111,190],"class_list":["post-29755","post","type-post","status-publish","format-standard","has-post-thumbnail","hentry","category-destaques","category-mundo","category-noticias2","category-politica","category-saude","tag-adustina","tag-antas","tag-araci","tag-banzae","tag-cicero-dantas","tag-cipo","tag-coronavirus","tag-covid-19","tag-crisopolis","tag-donald-trump","tag-eua","tag-euclides-da-cunha","tag-fatima","tag-heliopolis","tag-itapicuru","tag-jeremoabo","tag-mundo","tag-noticias","tag-nova-soure","tag-novo-triunfo","tag-olindina","tag-paripiranga","tag-presidente","tag-quijingue","tag-ribeira-do-amparo","tag-ribeira-do-pombal","tag-saude","tag-sitio-do-quinto","tag-tucano"],"aioseo_notices":[],"_links":{"self":[{"href":"https:\/\/www.portalalerta.com.br\/index.php\/wp-json\/wp\/v2\/posts\/29755","targetHints":{"allow":["GET"]}}],"collection":[{"href":"https:\/\/www.portalalerta.com.br\/index.php\/wp-json\/wp\/v2\/posts"}],"about":[{"href":"https:\/\/www.portalalerta.com.br\/index.php\/wp-json\/wp\/v2\/types\/post"}],"author":[{"embeddable":true,"href":"https:\/\/www.portalalerta.com.br\/index.php\/wp-json\/wp\/v2\/users\/2"}],"replies":[{"embeddable":true,"href":"https:\/\/www.portalalerta.com.br\/index.php\/wp-json\/wp\/v2\/comments?post=29755"}],"version-history":[{"count":1,"href":"https:\/\/www.portalalerta.com.br\/index.php\/wp-json\/wp\/v2\/posts\/29755\/revisions"}],"predecessor-version":[{"id":29756,"href":"https:\/\/www.portalalerta.com.br\/index.php\/wp-json\/wp\/v2\/posts\/29755\/revisions\/29756"}],"wp:featuredmedia":[{"embeddable":true,"href":"https:\/\/www.portalalerta.com.br\/index.php\/wp-json\/wp\/v2\/media\/29533"}],"wp:attachment":[{"href":"https:\/\/www.portalalerta.com.br\/index.php\/wp-json\/wp\/v2\/media?parent=29755"}],"wp:term":[{"taxonomy":"category","embeddable":true,"href":"https:\/\/www.portalalerta.com.br\/index.php\/wp-json\/wp\/v2\/categories?post=29755"},{"taxonomy":"post_tag","embeddable":true,"href":"https:\/\/www.portalalerta.com.br\/index.php\/wp-json\/wp\/v2\/tags?post=29755"}],"curies":[{"name":"wp","href":"https:\/\/api.w.org\/{rel}","templated":true}]}}