{"id":29762,"date":"2020-10-03T11:46:54","date_gmt":"2020-10-03T14:46:54","guid":{"rendered":"https:\/\/www.portalalerta.com.br\/?p=29762"},"modified":"2020-10-04T12:29:58","modified_gmt":"2020-10-04T15:29:58","slug":"prateleiras-de-mercado-desabam-e-uma-pessoa-morre-no-maranhao","status":"publish","type":"post","link":"https:\/\/www.portalalerta.com.br\/index.php\/2020\/10\/03\/prateleiras-de-mercado-desabam-e-uma-pessoa-morre-no-maranhao\/","title":{"rendered":"Prateleiras de mercado desabam e uma pessoa morre no Maranh\u00e3o"},"content":{"rendered":"<p style=\"text-align: justify;\">Prateleiras gigantes desabaram e atingiram clientes no supermercado Mix Mateus Atacarejo, na noite da \u00faltima sexta-feira (2), em S\u00e3o Lu\u00eds. Um pessoa morreu e oito ficaram feridas, informou o governador do Maranh\u00e3o, Fl\u00e1vio Dino (PC do B).<!--more--><\/p>\n<p style=\"text-align: justify;\"><img fetchpriority=\"high\" decoding=\"async\" class=\"size-thumbnail wp-image-29749 alignleft\" src=\"https:\/\/www.portalalerta.com.br\/wp-content\/uploads\/2020\/10\/Real-Outubro-Rosa-2020-240x240.jpg\" alt=\"\" width=\"240\" height=\"240\" \/>\u201cEquipes finalizando os trabalhos no local do acidente no supermercado Mateus. N\u00fameros atualizados: 1 v\u00edtima fatal e 8 feridos. Minha solidariedade com todos e com suas fam\u00edlias. Meu reconhecimento aos bombeiros, policiais e profissionais de sa\u00fade pela dedica\u00e7\u00e3o\u201d, escreveu o governador no Twitter.<\/p>\n<p style=\"text-align: justify;\">Em v\u00eddeo divulgado nas redes sociais, \u00e9 poss\u00edvel ver os clientes do supermercado correndo desesperados ao verem o in\u00edcio do desabamento. Uma prateleira com produtos caiu derrubando outras, provocando um efeito domin\u00f3. Ainda n\u00e3o se sabe o que provocou o primeiro desmoronamento.<\/p>\n<p style=\"text-align: justify;\">Equipes do Corpo de Bombeiros, da Pol\u00edcia Militar e do Servi\u00e7o M\u00f3vel de Urg\u00eancia e Emerg\u00eancia (SAMU) foram enviadas ao local.<\/p>\n<p style=\"text-align: justify;\">O prefeito de S\u00e3o Lu\u00eds, Edivaldo Holanda J\u00fanior (PDT), informou em sua rede social que enviou ambul\u00e2ncias do SAMU e acionou equipes m\u00e9dicas nos hospitais Socorr\u00e3o I e II, Hospital da Crian\u00e7a e Unidade de 24h da Zona Rural para receber os feridos.<\/p>\n<p style=\"text-align: justify;\"><em>Fonte: Yahoo Not\u00edcias<\/em><\/p>\n","protected":false},"excerpt":{"rendered":"<p>Prateleiras gigantes desabaram e atingiram clientes no supermercado Mix Mateus Atacarejo, na noite da \u00faltima sexta-feira (2), em S\u00e3o Lu\u00eds. Um pessoa morreu e oito ficaram feridas, informou o governador do Maranh\u00e3o, Fl\u00e1vio Dino (PC do B).<\/p>\n","protected":false},"author":2,"featured_media":29763,"comment_status":"open","ping_status":"open","sticky":false,"template":"","format":"standard","meta":{"om_disable_all_campaigns":false,"_monsterinsights_skip_tracking":false,"_monsterinsights_sitenote_active":false,"_monsterinsights_sitenote_note":"","_monsterinsights_sitenote_category":0,"footnotes":""},"categories":[34,70,69],"tags":[100,71,48,49,93,75,45,46,129,107,393,44,132,230,1883,169,3828,106,203,120,51,109,88,47,2869,111,2251,190],"class_list":["post-29762","post","type-post","status-publish","format-standard","has-post-thumbnail","hentry","category-brasil","category-destaques","category-noticias2","tag-adustina","tag-antas","tag-araci","tag-banzae","tag-brasil","tag-cicero-dantas","tag-cipo","tag-crisopolis","tag-euclides-da-cunha","tag-fatima","tag-feridos","tag-heliopolis","tag-itapicuru","tag-jeremoabo","tag-maranhao","tag-morte","tag-noticias","tag-nova-soure","tag-novo-triunfo","tag-olindina","tag-paripiranga","tag-quijingue","tag-ribeira-do-amparo","tag-ribeira-do-pombal","tag-sao-luiz","tag-sitio-do-quinto","tag-supermercado","tag-tucano"],"aioseo_notices":[],"_links":{"self":[{"href":"https:\/\/www.portalalerta.com.br\/index.php\/wp-json\/wp\/v2\/posts\/29762","targetHints":{"allow":["GET"]}}],"collection":[{"href":"https:\/\/www.portalalerta.com.br\/index.php\/wp-json\/wp\/v2\/posts"}],"about":[{"href":"https:\/\/www.portalalerta.com.br\/index.php\/wp-json\/wp\/v2\/types\/post"}],"author":[{"embeddable":true,"href":"https:\/\/www.portalalerta.com.br\/index.php\/wp-json\/wp\/v2\/users\/2"}],"replies":[{"embeddable":true,"href":"https:\/\/www.portalalerta.com.br\/index.php\/wp-json\/wp\/v2\/comments?post=29762"}],"version-history":[{"count":2,"href":"https:\/\/www.portalalerta.com.br\/index.php\/wp-json\/wp\/v2\/posts\/29762\/revisions"}],"predecessor-version":[{"id":29770,"href":"https:\/\/www.portalalerta.com.br\/index.php\/wp-json\/wp\/v2\/posts\/29762\/revisions\/29770"}],"wp:featuredmedia":[{"embeddable":true,"href":"https:\/\/www.portalalerta.com.br\/index.php\/wp-json\/wp\/v2\/media\/29763"}],"wp:attachment":[{"href":"https:\/\/www.portalalerta.com.br\/index.php\/wp-json\/wp\/v2\/media?parent=29762"}],"wp:term":[{"taxonomy":"category","embeddable":true,"href":"https:\/\/www.portalalerta.com.br\/index.php\/wp-json\/wp\/v2\/categories?post=29762"},{"taxonomy":"post_tag","embeddable":true,"href":"https:\/\/www.portalalerta.com.br\/index.php\/wp-json\/wp\/v2\/tags?post=29762"}],"curies":[{"name":"wp","href":"https:\/\/api.w.org\/{rel}","templated":true}]}}