{"id":29771,"date":"2020-10-04T22:18:05","date_gmt":"2020-10-05T01:18:05","guid":{"rendered":"https:\/\/www.portalalerta.com.br\/?p=29771"},"modified":"2020-10-04T22:18:05","modified_gmt":"2020-10-05T01:18:05","slug":"trump-surpreende-e-acena-para-apoiadores-na-porta-do-hospital","status":"publish","type":"post","link":"https:\/\/www.portalalerta.com.br\/index.php\/2020\/10\/04\/trump-surpreende-e-acena-para-apoiadores-na-porta-do-hospital\/","title":{"rendered":"Trump surpreende e acena para apoiadores na porta do hospital"},"content":{"rendered":"<p style=\"text-align: justify;\">O presidente dos Estados Unidos,\u00a0Donald Trump, deixou o hospital em um carro na tarde deste domingo (4) e acenou para apoiadores que o aguardavam na porta do\u00a0local onde est\u00e1 internado para tratar a covid-19.<!--more--><\/p>\n<p style=\"text-align: justify;\">Assim que saiu de carro, havia a d\u00favida se o presidente estaria indo para a Casa Branca ou se voltaria para o Centro M\u00e9dico Militar Walter Reed, tamb\u00e9m em Washington. Trump voltou ao hospital depois de meia hora, segundo as ag\u00eancias internacionais.<\/p>\n<p style=\"text-align: justify;\"><img fetchpriority=\"high\" decoding=\"async\" class=\"size-thumbnail wp-image-9394 alignleft\" src=\"https:\/\/www.portalalerta.com.br\/wp-content\/uploads\/2018\/07\/05elab-320x240.jpg\" alt=\"\" width=\"320\" height=\"240\" srcset=\"https:\/\/www.portalalerta.com.br\/wp-content\/uploads\/2018\/07\/05elab-320x240.jpg 320w, https:\/\/www.portalalerta.com.br\/wp-content\/uploads\/2018\/07\/05elab-195x146.jpg 195w, https:\/\/www.portalalerta.com.br\/wp-content\/uploads\/2018\/07\/05elab-50x38.jpg 50w, https:\/\/www.portalalerta.com.br\/wp-content\/uploads\/2018\/07\/05elab-100x75.jpg 100w, https:\/\/www.portalalerta.com.br\/wp-content\/uploads\/2018\/07\/05elab.jpg 400w\" sizes=\"(max-width: 320px) 100vw, 320px\" \/>&#8220;Vou fazer uma grande surpresa a alguns dos patriotas que est\u00e3o ali nas ruas h\u00e1 muitas horas, com bandeiras com meu nome. Eles amam nosso pa\u00eds&#8221;, disse em v\u00eddeo publicado nas redes sociais, antes de aparecer em um carro, acenando para as centenas de apoiadores.<\/p>\n<p style=\"text-align: justify;\">A expectativa da equipe m\u00e9dica \u00e9 de que Trump j\u00e1\u00a0receba alta nesta segunda-feira (5)\u00a0e continue o tratamento da doen\u00e7a respirat\u00f3ria na Casa Branca. J\u00e1 Sean Conley, m\u00e9dico da Casa Branca, avalia que a recupera\u00e7\u00e3o de Trump est\u00e1 &#8220;indo realmente bem&#8221;, apesar de apresentar uma leve queda da satura\u00e7\u00e3o do n\u00edvel de oxig\u00eanio no s\u00e1bado.<\/p>\n<p style=\"text-align: justify;\">&#8220;Tem sido uma jornada interessante. Aprendi muito sobre covid. Aprendi na verdadeira escola. Esse \u00e9 o livro da escola [sobre a covid-19]. E eu entendi. Entendi o que acontece. N\u00f3s amamos os Estados Unidos e amamos o que est\u00e1 acontecendo&#8221;, afirmou Trump.<\/p>\n<p style=\"text-align: justify;\">Trump recebe o tratamento para a covid-19 desde a \u00faltima sexta-feira (2) no Walter Reed. Desde ent\u00e3o, o presidente norte-americano j\u00e1\u00a0precisou receber oxig\u00eanio e est\u00e1 sendo tratado com um medicamento usado em casos graves da doen\u00e7a.<\/p>\n<figure id=\"attachment_29772\" aria-describedby=\"caption-attachment-29772\" style=\"width: 660px\" class=\"wp-caption aligncenter\"><img decoding=\"async\" class=\"wp-image-29772 size-full\" src=\"https:\/\/www.portalalerta.com.br\/wp-content\/uploads\/2020\/10\/apoiadores-de-Trump-em-Hospital-2020.jpg\" alt=\"\" width=\"660\" height=\"360\" srcset=\"https:\/\/www.portalalerta.com.br\/wp-content\/uploads\/2020\/10\/apoiadores-de-Trump-em-Hospital-2020.jpg 660w, https:\/\/www.portalalerta.com.br\/wp-content\/uploads\/2020\/10\/apoiadores-de-Trump-em-Hospital-2020-440x240.jpg 440w, https:\/\/www.portalalerta.com.br\/wp-content\/uploads\/2020\/10\/apoiadores-de-Trump-em-Hospital-2020-260x142.jpg 260w, https:\/\/www.portalalerta.com.br\/wp-content\/uploads\/2020\/10\/apoiadores-de-Trump-em-Hospital-2020-50x27.jpg 50w, https:\/\/www.portalalerta.com.br\/wp-content\/uploads\/2020\/10\/apoiadores-de-Trump-em-Hospital-2020-138x75.jpg 138w\" sizes=\"(max-width: 660px) 100vw, 660px\" \/><figcaption id=\"caption-attachment-29772\" class=\"wp-caption-text\">Apoiadores aguardam Trump na porta do hospital<\/figcaption><\/figure>\n<p style=\"text-align: justify;\">Fonte: R7<\/p>\n","protected":false},"excerpt":{"rendered":"<p>O presidente dos Estados Unidos,\u00a0Donald Trump, deixou o hospital em um carro na tarde deste domingo (4) e acenou para apoiadores que o aguardavam na porta do\u00a0local onde est\u00e1 internado para tratar a covid-19.<\/p>\n","protected":false},"author":2,"featured_media":29773,"comment_status":"open","ping_status":"open","sticky":false,"template":"","format":"standard","meta":{"om_disable_all_campaigns":false,"_monsterinsights_skip_tracking":false,"_monsterinsights_sitenote_active":false,"_monsterinsights_sitenote_note":"","_monsterinsights_sitenote_category":0,"footnotes":""},"categories":[70,35,69,21,19],"tags":[100,71,48,49,75,45,3429,3486,46,897,327,129,107,44,132,230,339,3828,106,203,120,51,94,109,88,47,61,111,190],"class_list":["post-29771","post","type-post","status-publish","format-standard","has-post-thumbnail","hentry","category-destaques","category-mundo","category-noticias2","category-politica","category-saude","tag-adustina","tag-antas","tag-araci","tag-banzae","tag-cicero-dantas","tag-cipo","tag-coronavirus","tag-covid-19","tag-crisopolis","tag-donald-trump","tag-eua","tag-euclides-da-cunha","tag-fatima","tag-heliopolis","tag-itapicuru","tag-jeremoabo","tag-mundo","tag-noticias","tag-nova-soure","tag-novo-triunfo","tag-olindina","tag-paripiranga","tag-presidente","tag-quijingue","tag-ribeira-do-amparo","tag-ribeira-do-pombal","tag-saude","tag-sitio-do-quinto","tag-tucano"],"aioseo_notices":[],"_links":{"self":[{"href":"https:\/\/www.portalalerta.com.br\/index.php\/wp-json\/wp\/v2\/posts\/29771","targetHints":{"allow":["GET"]}}],"collection":[{"href":"https:\/\/www.portalalerta.com.br\/index.php\/wp-json\/wp\/v2\/posts"}],"about":[{"href":"https:\/\/www.portalalerta.com.br\/index.php\/wp-json\/wp\/v2\/types\/post"}],"author":[{"embeddable":true,"href":"https:\/\/www.portalalerta.com.br\/index.php\/wp-json\/wp\/v2\/users\/2"}],"replies":[{"embeddable":true,"href":"https:\/\/www.portalalerta.com.br\/index.php\/wp-json\/wp\/v2\/comments?post=29771"}],"version-history":[{"count":1,"href":"https:\/\/www.portalalerta.com.br\/index.php\/wp-json\/wp\/v2\/posts\/29771\/revisions"}],"predecessor-version":[{"id":29774,"href":"https:\/\/www.portalalerta.com.br\/index.php\/wp-json\/wp\/v2\/posts\/29771\/revisions\/29774"}],"wp:featuredmedia":[{"embeddable":true,"href":"https:\/\/www.portalalerta.com.br\/index.php\/wp-json\/wp\/v2\/media\/29773"}],"wp:attachment":[{"href":"https:\/\/www.portalalerta.com.br\/index.php\/wp-json\/wp\/v2\/media?parent=29771"}],"wp:term":[{"taxonomy":"category","embeddable":true,"href":"https:\/\/www.portalalerta.com.br\/index.php\/wp-json\/wp\/v2\/categories?post=29771"},{"taxonomy":"post_tag","embeddable":true,"href":"https:\/\/www.portalalerta.com.br\/index.php\/wp-json\/wp\/v2\/tags?post=29771"}],"curies":[{"name":"wp","href":"https:\/\/api.w.org\/{rel}","templated":true}]}}