{"id":29775,"date":"2020-10-04T22:27:20","date_gmt":"2020-10-05T01:27:20","guid":{"rendered":"https:\/\/www.portalalerta.com.br\/?p=29775"},"modified":"2020-10-04T22:27:20","modified_gmt":"2020-10-05T01:27:20","slug":"covid-19-brasil-registra-365-mortes-e-8-456-novos-casos-em-24-horas","status":"publish","type":"post","link":"https:\/\/www.portalalerta.com.br\/index.php\/2020\/10\/04\/covid-19-brasil-registra-365-mortes-e-8-456-novos-casos-em-24-horas\/","title":{"rendered":"Covid-19: Brasil registra 365 mortes e 8.456 novos casos em 24 horas"},"content":{"rendered":"<p style=\"text-align: justify;\">O balan\u00e7o divulgado\u00a0hoje\u00a0(4) pelo Minist\u00e9rio da Sa\u00fade (MS) mostra 8.456 novos casos de covid-19 nas \u00faltimas 24 horas. J\u00e1 s\u00e3o 4.915.289 casos desde o come\u00e7o da pandemia. Al\u00e9m disso, foram registradas 365 novas mortes, totalizando 146.352 \u00f3bitos. At\u00e9 o momento, 4.263.208 de brasileiros\u00a0(86,7%) j\u00e1 se recuperaram da doen\u00e7a.\u00a0<!--more--><\/p>\n<p style=\"text-align: justify;\">Os n\u00fameros mais baixos s\u00e3o comuns nos domingos, em raz\u00e3o da dificuldade de alimenta\u00e7\u00e3o dos dados pelas secretarias de sa\u00fade aos fins de semana. Contudo, os 8,4 mil novos casos registrados\u00a0hoje\u00a0s\u00e3o inferiores aos domingos anteriores. Os \u00faltimos tr\u00eas domingos (27\/09, 20\/09 e 13\/09), por exemplo, foram registrados 14,3 mil, 16,3 mil e 14,7 mil novos casos respectivamente.<\/p>\n<p style=\"text-align: justify;\"><img fetchpriority=\"high\" decoding=\"async\" class=\"size-thumbnail wp-image-4869 aligncenter\" src=\"https:\/\/www.portalalerta.com.br\/wp-content\/uploads\/2018\/02\/Auto-Escola-Nobre-720x181.jpg\" alt=\"\" width=\"720\" height=\"181\" srcset=\"https:\/\/www.portalalerta.com.br\/wp-content\/uploads\/2018\/02\/Auto-Escola-Nobre.jpg 720w, https:\/\/www.portalalerta.com.br\/wp-content\/uploads\/2018\/02\/Auto-Escola-Nobre-260x65.jpg 260w, https:\/\/www.portalalerta.com.br\/wp-content\/uploads\/2018\/02\/Auto-Escola-Nobre-50x13.jpg 50w, https:\/\/www.portalalerta.com.br\/wp-content\/uploads\/2018\/02\/Auto-Escola-Nobre-150x38.jpg 150w\" sizes=\"(max-width: 720px) 100vw, 720px\" \/>Segundo o Minist\u00e9rio da Sa\u00fade, atualmente, 505.729 pacientes est\u00e3o em tratamento.<\/p>\n<h2 style=\"text-align: justify;\"><strong>Covid nos estados<\/strong><\/h2>\n<p style=\"text-align: justify;\">S\u00e3o Paulo, que atingiu\u00a0ontem\u00a0(3)\u00a0um milh\u00e3o de casos\u00a0de covid-19, chegou a 1.003.902 casos acumulados de covid-19. Os outros estados com maior n\u00famero de incid\u00eancia no pa\u00eds s\u00e3o Bahia (315.440), Minas Gerais (307.199) e Rio\u00a0de Janeiro\u00a0(271.701). J\u00e1 o Acre \u00e9 tem o menor n\u00famero de casos (28.672). Em seguida est\u00e3o Amap\u00e1 (48.628), Roraima (51.368) e Rond\u00f4nia (66.623).<\/p>\n<p style=\"text-align: justify;\">S\u00e3o Paulo tamb\u00e9m lidera o n\u00famero de mortes, com 36.178. Rio\u00a0de Janeiro\u00a0(18.769), Cear\u00e1 (9.051) e Minas Gerais (7.643) aparecem na sequ\u00eancia. Os estados com menos mortes s\u00e3o Roraima (661), Acre (667), Amap\u00e1 (716) e Tocantins (968).<\/p>\n<p style=\"text-align: justify;\"><em>Fonte: Ag\u00eancia Brasil<\/em><\/p>\n","protected":false},"excerpt":{"rendered":"<p>O balan\u00e7o divulgado\u00a0hoje\u00a0(4) pelo Minist\u00e9rio da Sa\u00fade (MS) mostra 8.456 novos casos de covid-19 nas \u00faltimas 24 horas. J\u00e1 s\u00e3o 4.915.289 casos desde o come\u00e7o da pandemia. Al\u00e9m disso, foram registradas 365 novas mortes, totalizando 146.352 \u00f3bitos. At\u00e9 o momento, 4.263.208 de brasileiros\u00a0(86,7%) j\u00e1 se recuperaram da doen\u00e7a.\u00a0<\/p>\n","protected":false},"author":2,"featured_media":23581,"comment_status":"open","ping_status":"open","sticky":false,"template":"","format":"standard","meta":{"om_disable_all_campaigns":false,"_monsterinsights_skip_tracking":false,"_monsterinsights_sitenote_active":false,"_monsterinsights_sitenote_note":"","_monsterinsights_sitenote_category":0,"footnotes":""},"categories":[34,70,69,19],"tags":[100,71,48,49,93,75,45,3429,3486,46,3454,129,107,44,3724,132,230,439,3828,106,203,120,51,109,88,47,61,111,190],"class_list":["post-29775","post","type-post","status-publish","format-standard","has-post-thumbnail","hentry","category-brasil","category-destaques","category-noticias2","category-saude","tag-adustina","tag-antas","tag-araci","tag-banzae","tag-brasil","tag-cicero-dantas","tag-cipo","tag-coronavirus","tag-covid-19","tag-crisopolis","tag-cura","tag-euclides-da-cunha","tag-fatima","tag-heliopolis","tag-infeccao","tag-itapicuru","tag-jeremoabo","tag-mortes","tag-noticias","tag-nova-soure","tag-novo-triunfo","tag-olindina","tag-paripiranga","tag-quijingue","tag-ribeira-do-amparo","tag-ribeira-do-pombal","tag-saude","tag-sitio-do-quinto","tag-tucano"],"aioseo_notices":[],"_links":{"self":[{"href":"https:\/\/www.portalalerta.com.br\/index.php\/wp-json\/wp\/v2\/posts\/29775","targetHints":{"allow":["GET"]}}],"collection":[{"href":"https:\/\/www.portalalerta.com.br\/index.php\/wp-json\/wp\/v2\/posts"}],"about":[{"href":"https:\/\/www.portalalerta.com.br\/index.php\/wp-json\/wp\/v2\/types\/post"}],"author":[{"embeddable":true,"href":"https:\/\/www.portalalerta.com.br\/index.php\/wp-json\/wp\/v2\/users\/2"}],"replies":[{"embeddable":true,"href":"https:\/\/www.portalalerta.com.br\/index.php\/wp-json\/wp\/v2\/comments?post=29775"}],"version-history":[{"count":1,"href":"https:\/\/www.portalalerta.com.br\/index.php\/wp-json\/wp\/v2\/posts\/29775\/revisions"}],"predecessor-version":[{"id":29776,"href":"https:\/\/www.portalalerta.com.br\/index.php\/wp-json\/wp\/v2\/posts\/29775\/revisions\/29776"}],"wp:featuredmedia":[{"embeddable":true,"href":"https:\/\/www.portalalerta.com.br\/index.php\/wp-json\/wp\/v2\/media\/23581"}],"wp:attachment":[{"href":"https:\/\/www.portalalerta.com.br\/index.php\/wp-json\/wp\/v2\/media?parent=29775"}],"wp:term":[{"taxonomy":"category","embeddable":true,"href":"https:\/\/www.portalalerta.com.br\/index.php\/wp-json\/wp\/v2\/categories?post=29775"},{"taxonomy":"post_tag","embeddable":true,"href":"https:\/\/www.portalalerta.com.br\/index.php\/wp-json\/wp\/v2\/tags?post=29775"}],"curies":[{"name":"wp","href":"https:\/\/api.w.org\/{rel}","templated":true}]}}