{"id":30117,"date":"2020-10-20T12:52:40","date_gmt":"2020-10-20T15:52:40","guid":{"rendered":"https:\/\/www.portalalerta.com.br\/?p=30117"},"modified":"2020-10-20T12:52:40","modified_gmt":"2020-10-20T15:52:40","slug":"homem-e-preso-por-violencia-domestica-e-carcere-privado-em-ribeira-do-pombal-ba","status":"publish","type":"post","link":"https:\/\/www.portalalerta.com.br\/index.php\/2020\/10\/20\/homem-e-preso-por-violencia-domestica-e-carcere-privado-em-ribeira-do-pombal-ba\/","title":{"rendered":"Homem \u00e9 preso por viol\u00eancia dom\u00e9stica e c\u00e1rcere privado, em Ribeira do Pombal-BA"},"content":{"rendered":"<p style=\"text-align: justify;\">No final da manh\u00e3 do \u00faltimo domingo, 18, um homem foi preso pelas pr\u00e1ticas de viol\u00eancia dom\u00e9stica e c\u00e1rcere privado, no povoado Feira da Serra, em Ribeira do Pombal-BA.<!--more--><\/p>\n<p style=\"text-align: justify;\"><img fetchpriority=\"high\" decoding=\"async\" class=\"size-thumbnail wp-image-4869 aligncenter\" src=\"https:\/\/www.portalalerta.com.br\/wp-content\/uploads\/2018\/02\/Auto-Escola-Nobre-720x181.jpg\" alt=\"\" width=\"720\" height=\"181\" srcset=\"https:\/\/www.portalalerta.com.br\/wp-content\/uploads\/2018\/02\/Auto-Escola-Nobre.jpg 720w, https:\/\/www.portalalerta.com.br\/wp-content\/uploads\/2018\/02\/Auto-Escola-Nobre-260x65.jpg 260w, https:\/\/www.portalalerta.com.br\/wp-content\/uploads\/2018\/02\/Auto-Escola-Nobre-50x13.jpg 50w, https:\/\/www.portalalerta.com.br\/wp-content\/uploads\/2018\/02\/Auto-Escola-Nobre-150x38.jpg 150w\" sizes=\"(max-width: 720px) 100vw, 720px\" \/>De acordo com a v\u00edtima, a mesma sofria agress\u00f5es f\u00edsicas desde o dia em que conheceu o rapaz, e que o mesmo n\u00e3o a deixava sair de casa. As agress\u00f5es que eram constantes, ocorriam na presen\u00e7a das duas filhas da v\u00edtima, uma crian\u00e7a de 05 anos de idade, e uma adolescente de 13 anos de idade.<\/p>\n<p style=\"text-align: justify;\">Tanto o autor, quanto a v\u00edtima, foram conduzidos para a Central de Flagrantes em Euclides da Cunha-BA, onde o caso foi registrado.<\/p>\n<p style=\"text-align: justify;\"><em>Reda\u00e7\u00e3o: Portal Alerta<\/em><\/p>\n<p style=\"text-align: justify;\"><strong><em>#fiqueemcasa<\/em><\/strong><\/p>\n<p style=\"text-align: justify;\"><strong><em>#usemascaras<\/em><\/strong><\/p>\n","protected":false},"excerpt":{"rendered":"<p>No final da manh\u00e3 do \u00faltimo domingo, 18, um homem foi preso pelas pr\u00e1ticas de viol\u00eancia dom\u00e9stica e c\u00e1rcere privado, no povoado Feira da Serra, em Ribeira do Pombal-BA.<\/p>\n","protected":false},"author":2,"featured_media":21926,"comment_status":"open","ping_status":"open","sticky":false,"template":"","format":"standard","meta":{"om_disable_all_campaigns":false,"_monsterinsights_skip_tracking":false,"_monsterinsights_sitenote_active":false,"_monsterinsights_sitenote_note":"","_monsterinsights_sitenote_category":0,"footnotes":""},"categories":[70,69,32,3,22],"tags":[100,71,48,49,458,75,45,46,129,107,44,132,230,3828,106,203,120,51,79,77,109,88,47,111,190,523],"class_list":["post-30117","post","type-post","status-publish","format-standard","has-post-thumbnail","hentry","category-destaques","category-noticias2","category-regiao","category-ribeira-do-pombal","category-seguranca","tag-adustina","tag-antas","tag-araci","tag-banzae","tag-carcere-privado","tag-cicero-dantas","tag-cipo","tag-crisopolis","tag-euclides-da-cunha","tag-fatima","tag-heliopolis","tag-itapicuru","tag-jeremoabo","tag-noticias","tag-nova-soure","tag-novo-triunfo","tag-olindina","tag-paripiranga","tag-policia-militar","tag-preso","tag-quijingue","tag-ribeira-do-amparo","tag-ribeira-do-pombal","tag-sitio-do-quinto","tag-tucano","tag-violencia-domestica"],"aioseo_notices":[],"_links":{"self":[{"href":"https:\/\/www.portalalerta.com.br\/index.php\/wp-json\/wp\/v2\/posts\/30117","targetHints":{"allow":["GET"]}}],"collection":[{"href":"https:\/\/www.portalalerta.com.br\/index.php\/wp-json\/wp\/v2\/posts"}],"about":[{"href":"https:\/\/www.portalalerta.com.br\/index.php\/wp-json\/wp\/v2\/types\/post"}],"author":[{"embeddable":true,"href":"https:\/\/www.portalalerta.com.br\/index.php\/wp-json\/wp\/v2\/users\/2"}],"replies":[{"embeddable":true,"href":"https:\/\/www.portalalerta.com.br\/index.php\/wp-json\/wp\/v2\/comments?post=30117"}],"version-history":[{"count":1,"href":"https:\/\/www.portalalerta.com.br\/index.php\/wp-json\/wp\/v2\/posts\/30117\/revisions"}],"predecessor-version":[{"id":30118,"href":"https:\/\/www.portalalerta.com.br\/index.php\/wp-json\/wp\/v2\/posts\/30117\/revisions\/30118"}],"wp:featuredmedia":[{"embeddable":true,"href":"https:\/\/www.portalalerta.com.br\/index.php\/wp-json\/wp\/v2\/media\/21926"}],"wp:attachment":[{"href":"https:\/\/www.portalalerta.com.br\/index.php\/wp-json\/wp\/v2\/media?parent=30117"}],"wp:term":[{"taxonomy":"category","embeddable":true,"href":"https:\/\/www.portalalerta.com.br\/index.php\/wp-json\/wp\/v2\/categories?post=30117"},{"taxonomy":"post_tag","embeddable":true,"href":"https:\/\/www.portalalerta.com.br\/index.php\/wp-json\/wp\/v2\/tags?post=30117"}],"curies":[{"name":"wp","href":"https:\/\/api.w.org\/{rel}","templated":true}]}}