{"id":3016,"date":"2017-12-20T16:54:49","date_gmt":"2017-12-20T18:54:49","guid":{"rendered":"http:\/\/www.portalalerta.com.br\/?p=3016"},"modified":"2017-12-20T16:56:03","modified_gmt":"2017-12-20T18:56:03","slug":"dupla-e-presa-por-cultivo-e-trafico-de-drogas-em-antas-ba","status":"publish","type":"post","link":"https:\/\/www.portalalerta.com.br\/index.php\/2017\/12\/20\/dupla-e-presa-por-cultivo-e-trafico-de-drogas-em-antas-ba\/","title":{"rendered":"Dupla \u00e9 presa por cultivo e tr\u00e1fico de drogas, em Antas-BA"},"content":{"rendered":"<p>Por volta das 17:00hs de segunda-feira, 08, policiais militares da CIPE-Nordeste (Companhia Independente de Policiamento Especializado da Regi\u00e3o Nordeste), durante a realiza\u00e7\u00e3o de rondas de rotina pela regi\u00e3o da invas\u00e3o das casas populares, no munic\u00edpio de Antas-BA, resolveram abordar dois suspeitos.<!--more--><\/p>\n<p>Foram encontrados sob a posse de Maur\u00edcio Mateus Nunes Silva, 22 anos, e Jos\u00e9 Crist\u00f3v\u00e3o Santana dos Santos, 29 anos, os seguintes materiais: 01 simulacro de rev\u00f3lver, 02 grandes p\u00e9s de maconha, 02 sacolas pl\u00e1sticas com folhas de maconha, 220 embalagens utilizadas para acondicionar drogas, 02 pinos vazios utilizados para acondicionar coca\u00edna, 01 cigarro de maconha, 04 aparelhos celulares, e uma quantia de R$ 258,00 em esp\u00e9cie.<\/p>\n<p>Maur\u00edcio e Jos\u00e9 Crist\u00f3v\u00e3o, foram presos por cultivo e tr\u00e1fico de drogas, em Antas-BA<\/p>\n<p>A dupla foi presa em flagrante, sendo conduzida posteriormente juntamente o material apreendido para a Delegacia de Pol\u00edcia Civil local, onde se encontram \u00e0 disposi\u00e7\u00e3o da justi\u00e7a.<\/p>\n<p><a href=\"http:\/\/www.facebook.com.br\/pombalalerta\"><strong>Curta nossa p\u00e1gina no facebook, e continue atualizado sobre tudo o que acontece em Ribeira do Pombal e Regi\u00e3o!<\/strong><\/a><\/p>\n<p><a href=\"https:\/\/play.google.com\/store\/apps\/details?id=com.globalstore.pombalalerta&amp;hl=pt_BR\"><strong>Baixe o nosso aplicativo, e fique de olho na not\u00edcia!<\/strong><\/a><\/p>\n<p><em>Reda\u00e7\u00e3o: Pombal Alerta<\/em><\/p>\n","protected":false},"excerpt":{"rendered":"<p>Por volta das 17:00hs de segunda-feira, 08, policiais militares da CIPE-Nordeste (Companhia Independente de Policiamento Especializado da Regi\u00e3o Nordeste), durante a realiza\u00e7\u00e3o de rondas de rotina pela regi\u00e3o da invas\u00e3o das casas populares, no munic\u00edpio de Antas-BA, resolveram abordar dois suspeitos.<\/p>\n","protected":false},"author":2,"featured_media":0,"comment_status":"closed","ping_status":"open","sticky":false,"template":"","format":"standard","meta":{"om_disable_all_campaigns":false,"_monsterinsights_skip_tracking":false,"_monsterinsights_sitenote_active":false,"_monsterinsights_sitenote_note":"","_monsterinsights_sitenote_category":0,"footnotes":""},"categories":[5,33,22],"tags":[],"class_list":["post-3016","post","type-post","status-publish","format-standard","hentry","category-antas","category-bahia","category-seguranca"],"aioseo_notices":[],"_links":{"self":[{"href":"https:\/\/www.portalalerta.com.br\/index.php\/wp-json\/wp\/v2\/posts\/3016","targetHints":{"allow":["GET"]}}],"collection":[{"href":"https:\/\/www.portalalerta.com.br\/index.php\/wp-json\/wp\/v2\/posts"}],"about":[{"href":"https:\/\/www.portalalerta.com.br\/index.php\/wp-json\/wp\/v2\/types\/post"}],"author":[{"embeddable":true,"href":"https:\/\/www.portalalerta.com.br\/index.php\/wp-json\/wp\/v2\/users\/2"}],"replies":[{"embeddable":true,"href":"https:\/\/www.portalalerta.com.br\/index.php\/wp-json\/wp\/v2\/comments?post=3016"}],"version-history":[{"count":0,"href":"https:\/\/www.portalalerta.com.br\/index.php\/wp-json\/wp\/v2\/posts\/3016\/revisions"}],"wp:attachment":[{"href":"https:\/\/www.portalalerta.com.br\/index.php\/wp-json\/wp\/v2\/media?parent=3016"}],"wp:term":[{"taxonomy":"category","embeddable":true,"href":"https:\/\/www.portalalerta.com.br\/index.php\/wp-json\/wp\/v2\/categories?post=3016"},{"taxonomy":"post_tag","embeddable":true,"href":"https:\/\/www.portalalerta.com.br\/index.php\/wp-json\/wp\/v2\/tags?post=3016"}],"curies":[{"name":"wp","href":"https:\/\/api.w.org\/{rel}","templated":true}]}}