{"id":30175,"date":"2020-10-22T14:45:44","date_gmt":"2020-10-22T17:45:44","guid":{"rendered":"https:\/\/www.portalalerta.com.br\/?p=30175"},"modified":"2020-10-22T14:45:44","modified_gmt":"2020-10-22T17:45:44","slug":"senado-aprova-nome-de-kassio-marques-para-ocupar-vaga-no-stf","status":"publish","type":"post","link":"https:\/\/www.portalalerta.com.br\/index.php\/2020\/10\/22\/senado-aprova-nome-de-kassio-marques-para-ocupar-vaga-no-stf\/","title":{"rendered":"Senado aprova nome de Kassio Marques para ocupar vaga no STF"},"content":{"rendered":"<p style=\"text-align: justify;\">O Senado aprovou, em vota\u00e7\u00e3o realizada na \u00faltima quarta-feira, 21, no plen\u00e1rio, por 57 votos a 10, a indica\u00e7\u00e3o do desembargador federal Kassio Marques para assumir uma cadeira no Supremo Tribunal Federal (STF). Ele vai ocupar a vaga deixada por Celso de Mello, que se aposentou do cargo. Kassio foi a primeira indica\u00e7\u00e3o do presidente Jair Bolsonaro para a Corte.<!--more--><\/p>\n<p style=\"text-align: justify;\"><img fetchpriority=\"high\" decoding=\"async\" class=\"size-thumbnail wp-image-9394 alignleft\" src=\"https:\/\/www.portalalerta.com.br\/wp-content\/uploads\/2018\/07\/05elab-320x240.jpg\" alt=\"\" width=\"320\" height=\"240\" srcset=\"https:\/\/www.portalalerta.com.br\/wp-content\/uploads\/2018\/07\/05elab-320x240.jpg 320w, https:\/\/www.portalalerta.com.br\/wp-content\/uploads\/2018\/07\/05elab-195x146.jpg 195w, https:\/\/www.portalalerta.com.br\/wp-content\/uploads\/2018\/07\/05elab-50x38.jpg 50w, https:\/\/www.portalalerta.com.br\/wp-content\/uploads\/2018\/07\/05elab-100x75.jpg 100w, https:\/\/www.portalalerta.com.br\/wp-content\/uploads\/2018\/07\/05elab.jpg 400w\" sizes=\"(max-width: 320px) 100vw, 320px\" \/>Celso de Mello se aposentou ap\u00f3s 31 anos no STF.<\/p>\n<p style=\"text-align: justify;\">O placar do plen\u00e1rio do Senado registrou apenas uma absten\u00e7\u00e3o. Na Casa, todas as vota\u00e7\u00f5es relacionadas \u00e0 indica\u00e7\u00e3o de autoridades s\u00e3o secretas, ou seja, a posi\u00e7\u00e3o individual de cada parlamentar n\u00e3o \u00e9 divulgada.<\/p>\n<p style=\"text-align: justify;\"><em>Fonte: Metro1<\/em><\/p>\n","protected":false},"excerpt":{"rendered":"<p>O Senado aprovou, em vota\u00e7\u00e3o realizada na \u00faltima quarta-feira, 21, no plen\u00e1rio, por 57 votos a 10, a indica\u00e7\u00e3o do desembargador federal Kassio Marques para assumir uma cadeira no Supremo Tribunal Federal (STF). Ele vai ocupar a vaga deixada por Celso de Mello, que se aposentou do cargo. Kassio foi a primeira indica\u00e7\u00e3o do presidente &hellip;<\/p>\n","protected":false},"author":2,"featured_media":29731,"comment_status":"open","ping_status":"open","sticky":false,"template":"","format":"standard","meta":{"om_disable_all_campaigns":false,"_monsterinsights_skip_tracking":false,"_monsterinsights_sitenote_active":false,"_monsterinsights_sitenote_note":"","_monsterinsights_sitenote_category":0,"footnotes":""},"categories":[34,70,69,21],"tags":[100,71,2354,48,49,93,75,45,46,129,107,44,132,230,3925,3828,106,203,120,51,109,88,47,235,111,216,190],"class_list":["post-30175","post","type-post","status-publish","format-standard","has-post-thumbnail","hentry","category-brasil","category-destaques","category-noticias2","category-politica","tag-adustina","tag-antas","tag-aprovacao","tag-araci","tag-banzae","tag-brasil","tag-cicero-dantas","tag-cipo","tag-crisopolis","tag-euclides-da-cunha","tag-fatima","tag-heliopolis","tag-itapicuru","tag-jeremoabo","tag-kassio-nunes-marques","tag-noticias","tag-nova-soure","tag-novo-triunfo","tag-olindina","tag-paripiranga","tag-quijingue","tag-ribeira-do-amparo","tag-ribeira-do-pombal","tag-senado-federal","tag-sitio-do-quinto","tag-stf","tag-tucano"],"aioseo_notices":[],"_links":{"self":[{"href":"https:\/\/www.portalalerta.com.br\/index.php\/wp-json\/wp\/v2\/posts\/30175","targetHints":{"allow":["GET"]}}],"collection":[{"href":"https:\/\/www.portalalerta.com.br\/index.php\/wp-json\/wp\/v2\/posts"}],"about":[{"href":"https:\/\/www.portalalerta.com.br\/index.php\/wp-json\/wp\/v2\/types\/post"}],"author":[{"embeddable":true,"href":"https:\/\/www.portalalerta.com.br\/index.php\/wp-json\/wp\/v2\/users\/2"}],"replies":[{"embeddable":true,"href":"https:\/\/www.portalalerta.com.br\/index.php\/wp-json\/wp\/v2\/comments?post=30175"}],"version-history":[{"count":1,"href":"https:\/\/www.portalalerta.com.br\/index.php\/wp-json\/wp\/v2\/posts\/30175\/revisions"}],"predecessor-version":[{"id":30176,"href":"https:\/\/www.portalalerta.com.br\/index.php\/wp-json\/wp\/v2\/posts\/30175\/revisions\/30176"}],"wp:featuredmedia":[{"embeddable":true,"href":"https:\/\/www.portalalerta.com.br\/index.php\/wp-json\/wp\/v2\/media\/29731"}],"wp:attachment":[{"href":"https:\/\/www.portalalerta.com.br\/index.php\/wp-json\/wp\/v2\/media?parent=30175"}],"wp:term":[{"taxonomy":"category","embeddable":true,"href":"https:\/\/www.portalalerta.com.br\/index.php\/wp-json\/wp\/v2\/categories?post=30175"},{"taxonomy":"post_tag","embeddable":true,"href":"https:\/\/www.portalalerta.com.br\/index.php\/wp-json\/wp\/v2\/tags?post=30175"}],"curies":[{"name":"wp","href":"https:\/\/api.w.org\/{rel}","templated":true}]}}