{"id":30179,"date":"2020-10-22T15:03:41","date_gmt":"2020-10-22T18:03:41","guid":{"rendered":"https:\/\/www.portalalerta.com.br\/?p=30179"},"modified":"2020-10-22T15:03:41","modified_gmt":"2020-10-22T18:03:41","slug":"por-falta-de-recurso-ibama-manda-recolher-todos-os-agentes-de-combate-a-incendios","status":"publish","type":"post","link":"https:\/\/www.portalalerta.com.br\/index.php\/2020\/10\/22\/por-falta-de-recurso-ibama-manda-recolher-todos-os-agentes-de-combate-a-incendios\/","title":{"rendered":"Por falta de recurso, Ibama manda recolher todos os agentes de combate a inc\u00eandios"},"content":{"rendered":"<p style=\"text-align: justify;\">O Ibama deu ordem para que todos agentes de combate a inc\u00eandios do \u00f3rg\u00e3o ambiental em campo no pa\u00eds voltem imediatamente para as suas bases, a partir desta meia-noite. A informa\u00e7\u00e3o foi divulgada pelo jornal Estad\u00e3o. Segundo o peri\u00f3dico, a ordem partiu da Diretoria de Prote\u00e7\u00e3o Ambiental, que opera o Centro Nacional de Preven\u00e7\u00e3o e Combate aos Inc\u00eandios Florestais.<!--more--><\/p>\n<p style=\"text-align: justify;\"><img fetchpriority=\"high\" decoding=\"async\" class=\"size-thumbnail wp-image-30018 alignleft\" src=\"https:\/\/www.portalalerta.com.br\/wp-content\/uploads\/2020\/10\/anivers\u00e1rio-Real-Cal\u00e7ados.2020-240x240.jpeg\" alt=\"\" width=\"240\" height=\"240\" \/>O chefe do Centro Especializado Prevfogo, que pertence ao Ibama, Ricardo Vianna Barreto, determinou atrav\u00e9s de um of\u00edcio &#8220;o recolhimento de todas as Brigadas de Inc\u00eandio Florestal do IBAMA para as suas respectivas Bases de origem, a partir das 00:00H (zero hora) do dia 22 de outubro de 2020, onde dever\u00e3o permanecer aguardando ordens para atua\u00e7\u00e3o operacional em campo&#8221;. A ordem atinge bases que atuam em todo o pa\u00eds, principalmente o Pantanal e Amaz\u00f4nia, locais que registraram uma s\u00e9rie de inc\u00eandios nos \u00faltimos meses.<\/p>\n<p style=\"text-align: justify;\">Ainda de acordo com o Estad\u00e3o, o Ibama vive um impasse em meio a uma disputa com o Minist\u00e9rio da Economia por falta de verbas. A pasta tem segurado a execu\u00e7\u00e3o financeira do or\u00e7amento do Ibama. No fim de agosto, o ministro do Meio Ambiente, Ricardo Salles, chegou a informar que, por causa de bloqueios financeiros para o Ibama e Instituto Chico Mendes (ICMBio), seriam interrompidas todas as opera\u00e7\u00f5es de combate ao desmatamento ilegal nas duas regi\u00f5es e tamb\u00e9m no restante do Pa\u00eds. No entanto, a paralisa\u00e7\u00e3o n\u00e3o durou muito e o governo recuou. O vice-presidente Hamilton Mour\u00e3o chegou a declarar que n\u00e3o havia nenhum bloqueio e que Salles tinha se precipitado.<\/p>\n<p style=\"text-align: justify;\">Fonte: Metro1<\/p>\n","protected":false},"excerpt":{"rendered":"<p>O Ibama deu ordem para que todos agentes de combate a inc\u00eandios do \u00f3rg\u00e3o ambiental em campo no pa\u00eds voltem imediatamente para as suas bases, a partir desta meia-noite. A informa\u00e7\u00e3o foi divulgada pelo jornal Estad\u00e3o. Segundo o peri\u00f3dico, a ordem partiu da Diretoria de Prote\u00e7\u00e3o Ambiental, que opera o Centro Nacional de Preven\u00e7\u00e3o e &hellip;<\/p>\n","protected":false},"author":2,"featured_media":30180,"comment_status":"open","ping_status":"open","sticky":false,"template":"","format":"standard","meta":{"om_disable_all_campaigns":false,"_monsterinsights_skip_tracking":false,"_monsterinsights_sitenote_active":false,"_monsterinsights_sitenote_note":"","_monsterinsights_sitenote_category":0,"footnotes":""},"categories":[34,70,69],"tags":[100,71,48,49,93,3958,75,45,46,129,107,3077,44,2060,1574,132,230,3828,106,203,120,51,109,88,47,111,190],"class_list":["post-30179","post","type-post","status-publish","format-standard","has-post-thumbnail","hentry","category-brasil","category-destaques","category-noticias2","tag-adustina","tag-antas","tag-araci","tag-banzae","tag-brasil","tag-brigadistas","tag-cicero-dantas","tag-cipo","tag-crisopolis","tag-euclides-da-cunha","tag-fatima","tag-floresta","tag-heliopolis","tag-ibama","tag-incencio","tag-itapicuru","tag-jeremoabo","tag-noticias","tag-nova-soure","tag-novo-triunfo","tag-olindina","tag-paripiranga","tag-quijingue","tag-ribeira-do-amparo","tag-ribeira-do-pombal","tag-sitio-do-quinto","tag-tucano"],"aioseo_notices":[],"_links":{"self":[{"href":"https:\/\/www.portalalerta.com.br\/index.php\/wp-json\/wp\/v2\/posts\/30179","targetHints":{"allow":["GET"]}}],"collection":[{"href":"https:\/\/www.portalalerta.com.br\/index.php\/wp-json\/wp\/v2\/posts"}],"about":[{"href":"https:\/\/www.portalalerta.com.br\/index.php\/wp-json\/wp\/v2\/types\/post"}],"author":[{"embeddable":true,"href":"https:\/\/www.portalalerta.com.br\/index.php\/wp-json\/wp\/v2\/users\/2"}],"replies":[{"embeddable":true,"href":"https:\/\/www.portalalerta.com.br\/index.php\/wp-json\/wp\/v2\/comments?post=30179"}],"version-history":[{"count":1,"href":"https:\/\/www.portalalerta.com.br\/index.php\/wp-json\/wp\/v2\/posts\/30179\/revisions"}],"predecessor-version":[{"id":30181,"href":"https:\/\/www.portalalerta.com.br\/index.php\/wp-json\/wp\/v2\/posts\/30179\/revisions\/30181"}],"wp:featuredmedia":[{"embeddable":true,"href":"https:\/\/www.portalalerta.com.br\/index.php\/wp-json\/wp\/v2\/media\/30180"}],"wp:attachment":[{"href":"https:\/\/www.portalalerta.com.br\/index.php\/wp-json\/wp\/v2\/media?parent=30179"}],"wp:term":[{"taxonomy":"category","embeddable":true,"href":"https:\/\/www.portalalerta.com.br\/index.php\/wp-json\/wp\/v2\/categories?post=30179"},{"taxonomy":"post_tag","embeddable":true,"href":"https:\/\/www.portalalerta.com.br\/index.php\/wp-json\/wp\/v2\/tags?post=30179"}],"curies":[{"name":"wp","href":"https:\/\/api.w.org\/{rel}","templated":true}]}}