{"id":3018,"date":"2017-12-20T17:23:15","date_gmt":"2017-12-20T19:23:15","guid":{"rendered":"http:\/\/www.portalalerta.com.br\/?p=3018"},"modified":"2017-12-20T17:23:15","modified_gmt":"2017-12-20T19:23:15","slug":"policia-civil-cumpre-mandado-de-prisao-por-estupro-de-vulneravel-em-antas-ba","status":"publish","type":"post","link":"https:\/\/www.portalalerta.com.br\/index.php\/2017\/12\/20\/policia-civil-cumpre-mandado-de-prisao-por-estupro-de-vulneravel-em-antas-ba\/","title":{"rendered":"Pol\u00edcia Civil cumpre mandado de pris\u00e3o por estupro de vulner\u00e1vel em Antas- BA"},"content":{"rendered":"<p style=\"text-align: left;\">\n<img fetchpriority=\"high\" decoding=\"async\" class=\"size-full wp-image-3019 aligncenter\" src=\"http:\/\/www.portalalerta.com.br\/wp-content\/uploads\/2017\/12\/franciscoassisalmeida.jpg\" alt=\"\" width=\"300\" height=\"250\" srcset=\"https:\/\/www.portalalerta.com.br\/wp-content\/uploads\/2017\/12\/franciscoassisalmeida.jpg 300w, https:\/\/www.portalalerta.com.br\/wp-content\/uploads\/2017\/12\/franciscoassisalmeida-288x240.jpg 288w, https:\/\/www.portalalerta.com.br\/wp-content\/uploads\/2017\/12\/franciscoassisalmeida-175x146.jpg 175w, https:\/\/www.portalalerta.com.br\/wp-content\/uploads\/2017\/12\/franciscoassisalmeida-50x42.jpg 50w, https:\/\/www.portalalerta.com.br\/wp-content\/uploads\/2017\/12\/franciscoassisalmeida-90x75.jpg 90w\" sizes=\"(max-width: 300px) 100vw, 300px\" \/>Policiais Civis de Antas sob o comando do DPC Rodrigo Albuquerque cumpriram na manh\u00e3 da ter\u00e7a-feira (25).<!--more--><\/p>\n<p style=\"text-align: left;\">Policiais Civis de Antas sob o comando do DPC Rodrigo Albuquerque cumpriram na manh\u00e3 da ter\u00e7a-feira (25), um mandado de pris\u00e3o em desfavor de Francisco Assis Almeida.<\/p>\n<p style=\"text-align: left;\">No mandado de pris\u00e3o lavrado pelo Juiz da Comarca de C\u00edcero Dantas- BA, aponta Francisco como autor da pr\u00e1tica do crime de estupro de vulner\u00e1vel.<\/p>\n<p style=\"text-align: left;\">Logo em seguida, o acusado foi encaminhado para a Delegacia de Pol\u00edcia local e posteriormente ser\u00e1 encaminhado ao Pres\u00eddio Regional de Paulo Afonso, onde deve permanecer \u00e1 disposi\u00e7\u00e3o da justi\u00e7a.<\/p>\n<p style=\"text-align: left;\">Fonte: Chico Sabe Tudo<\/p>\n<p>{fcomment}<\/p>\n","protected":false},"excerpt":{"rendered":"<p>Policiais Civis de Antas sob o comando do DPC Rodrigo Albuquerque cumpriram na manh\u00e3 da ter\u00e7a-feira (25).<\/p>\n","protected":false},"author":2,"featured_media":0,"comment_status":"closed","ping_status":"open","sticky":false,"template":"","format":"standard","meta":{"om_disable_all_campaigns":false,"_monsterinsights_skip_tracking":false,"_monsterinsights_sitenote_active":false,"_monsterinsights_sitenote_note":"","_monsterinsights_sitenote_category":0,"footnotes":""},"categories":[5,33,69,32,22],"tags":[71],"class_list":["post-3018","post","type-post","status-publish","format-standard","hentry","category-antas","category-bahia","category-noticias2","category-regiao","category-seguranca","tag-antas"],"aioseo_notices":[],"_links":{"self":[{"href":"https:\/\/www.portalalerta.com.br\/index.php\/wp-json\/wp\/v2\/posts\/3018","targetHints":{"allow":["GET"]}}],"collection":[{"href":"https:\/\/www.portalalerta.com.br\/index.php\/wp-json\/wp\/v2\/posts"}],"about":[{"href":"https:\/\/www.portalalerta.com.br\/index.php\/wp-json\/wp\/v2\/types\/post"}],"author":[{"embeddable":true,"href":"https:\/\/www.portalalerta.com.br\/index.php\/wp-json\/wp\/v2\/users\/2"}],"replies":[{"embeddable":true,"href":"https:\/\/www.portalalerta.com.br\/index.php\/wp-json\/wp\/v2\/comments?post=3018"}],"version-history":[{"count":0,"href":"https:\/\/www.portalalerta.com.br\/index.php\/wp-json\/wp\/v2\/posts\/3018\/revisions"}],"wp:attachment":[{"href":"https:\/\/www.portalalerta.com.br\/index.php\/wp-json\/wp\/v2\/media?parent=3018"}],"wp:term":[{"taxonomy":"category","embeddable":true,"href":"https:\/\/www.portalalerta.com.br\/index.php\/wp-json\/wp\/v2\/categories?post=3018"},{"taxonomy":"post_tag","embeddable":true,"href":"https:\/\/www.portalalerta.com.br\/index.php\/wp-json\/wp\/v2\/tags?post=3018"}],"curies":[{"name":"wp","href":"https:\/\/api.w.org\/{rel}","templated":true}]}}