{"id":30185,"date":"2020-10-22T18:09:19","date_gmt":"2020-10-22T21:09:19","guid":{"rendered":"https:\/\/www.portalalerta.com.br\/?p=30185"},"modified":"2020-10-22T18:09:19","modified_gmt":"2020-10-22T21:09:19","slug":"ministro-do-stj-aparece-sem-calcas-durante-sessao-por-videoconferencia","status":"publish","type":"post","link":"https:\/\/www.portalalerta.com.br\/index.php\/2020\/10\/22\/ministro-do-stj-aparece-sem-calcas-durante-sessao-por-videoconferencia\/","title":{"rendered":"Ministro do STJ aparece sem cal\u00e7as durante sess\u00e3o por videoconfer\u00eancia"},"content":{"rendered":"<p style=\"text-align: justify;\">O ministro N\u00e9fi Cordeiro, do Superior Tribunal de Justi\u00e7a (STJ), foi filmado sem cal\u00e7a, na \u00faltima ter\u00e7a-feira (20), durante videoconfer\u00eancia.\u00a0<!--more--><\/p>\n<p style=\"text-align: justify;\">Sem perceber que a c\u00e2mera estava ligada, ele se levantou durante a sess\u00e3o de julgamentos da 6\u00aa Turma e apareceu de cueca.<\/p>\n<p style=\"text-align: justify;\">Fonte: Metro1<\/p>\n","protected":false},"excerpt":{"rendered":"<p>O ministro N\u00e9fi Cordeiro, do Superior Tribunal de Justi\u00e7a (STJ), foi filmado sem cal\u00e7a, na \u00faltima ter\u00e7a-feira (20), durante videoconfer\u00eancia.\u00a0<\/p>\n","protected":false},"author":2,"featured_media":30186,"comment_status":"open","ping_status":"open","sticky":false,"template":"","format":"standard","meta":{"om_disable_all_campaigns":false,"_monsterinsights_skip_tracking":false,"_monsterinsights_sitenote_active":false,"_monsterinsights_sitenote_note":"","_monsterinsights_sitenote_category":0,"footnotes":""},"categories":[34,70,69],"tags":[100,71,48,49,93,75,45,46,129,107,44,132,230,270,3818,3959,3828,106,203,120,51,109,88,47,111,505,190],"class_list":["post-30185","post","type-post","status-publish","format-standard","has-post-thumbnail","hentry","category-brasil","category-destaques","category-noticias2","tag-adustina","tag-antas","tag-araci","tag-banzae","tag-brasil","tag-cicero-dantas","tag-cipo","tag-crisopolis","tag-euclides-da-cunha","tag-fatima","tag-heliopolis","tag-itapicuru","tag-jeremoabo","tag-justica","tag-live","tag-nefi-cordeiro","tag-noticias","tag-nova-soure","tag-novo-triunfo","tag-olindina","tag-paripiranga","tag-quijingue","tag-ribeira-do-amparo","tag-ribeira-do-pombal","tag-sitio-do-quinto","tag-stj","tag-tucano"],"aioseo_notices":[],"_links":{"self":[{"href":"https:\/\/www.portalalerta.com.br\/index.php\/wp-json\/wp\/v2\/posts\/30185","targetHints":{"allow":["GET"]}}],"collection":[{"href":"https:\/\/www.portalalerta.com.br\/index.php\/wp-json\/wp\/v2\/posts"}],"about":[{"href":"https:\/\/www.portalalerta.com.br\/index.php\/wp-json\/wp\/v2\/types\/post"}],"author":[{"embeddable":true,"href":"https:\/\/www.portalalerta.com.br\/index.php\/wp-json\/wp\/v2\/users\/2"}],"replies":[{"embeddable":true,"href":"https:\/\/www.portalalerta.com.br\/index.php\/wp-json\/wp\/v2\/comments?post=30185"}],"version-history":[{"count":1,"href":"https:\/\/www.portalalerta.com.br\/index.php\/wp-json\/wp\/v2\/posts\/30185\/revisions"}],"predecessor-version":[{"id":30187,"href":"https:\/\/www.portalalerta.com.br\/index.php\/wp-json\/wp\/v2\/posts\/30185\/revisions\/30187"}],"wp:featuredmedia":[{"embeddable":true,"href":"https:\/\/www.portalalerta.com.br\/index.php\/wp-json\/wp\/v2\/media\/30186"}],"wp:attachment":[{"href":"https:\/\/www.portalalerta.com.br\/index.php\/wp-json\/wp\/v2\/media?parent=30185"}],"wp:term":[{"taxonomy":"category","embeddable":true,"href":"https:\/\/www.portalalerta.com.br\/index.php\/wp-json\/wp\/v2\/categories?post=30185"},{"taxonomy":"post_tag","embeddable":true,"href":"https:\/\/www.portalalerta.com.br\/index.php\/wp-json\/wp\/v2\/tags?post=30185"}],"curies":[{"name":"wp","href":"https:\/\/api.w.org\/{rel}","templated":true}]}}