{"id":30191,"date":"2020-10-22T18:52:05","date_gmt":"2020-10-22T21:52:05","guid":{"rendered":"https:\/\/www.portalalerta.com.br\/?p=30191"},"modified":"2020-10-22T18:52:05","modified_gmt":"2020-10-22T21:52:05","slug":"pais-nao-vai-comprar-coronavac-mesmo-se-vacina-for-aprovada-pela-anvisa-diz-bolsonaro","status":"publish","type":"post","link":"https:\/\/www.portalalerta.com.br\/index.php\/2020\/10\/22\/pais-nao-vai-comprar-coronavac-mesmo-se-vacina-for-aprovada-pela-anvisa-diz-bolsonaro\/","title":{"rendered":"Pa\u00eds n\u00e3o vai comprar Coronavac mesmo se vacina for aprovada pela Anvisa, diz Bolsonaro"},"content":{"rendered":"<p style=\"text-align: justify;\">O presidente Jair Bolsonaro disse que a Coronavac, vacina desenvolvida pelo laborat\u00f3rio chin\u00eas Sinovac Biotech contra a Covid-19 e testada no Brasil pelo Instituto Butantan, n\u00e3o ser\u00e1 comprada pelo governo federal, mesmo ap\u00f3s uma eventual aprova\u00e7\u00e3o da Ag\u00eancia Nacional de Vigil\u00e2ncia Sanit\u00e1ria (Anvisa). Bolsonaro alego ontem (21), em entrevista \u00e0 r\u00e1dio Jovem Pan, que existe um &#8220;descr\u00e9dito muito grande&#8221; em rela\u00e7\u00e3o ao imunizante e sugeriu que n\u00e3o aceitar\u00e1 ser vacinado contra a doen\u00e7a.<!--more--><\/p>\n<p style=\"text-align: justify;\"><img fetchpriority=\"high\" decoding=\"async\" class=\"size-thumbnail wp-image-30018 alignleft\" src=\"https:\/\/www.portalalerta.com.br\/wp-content\/uploads\/2020\/10\/anivers\u00e1rio-Real-Cal\u00e7ados.2020-240x240.jpeg\" alt=\"\" width=\"240\" height=\"240\" \/>&#8220;A da China n\u00f3s n\u00e3o compraremos, \u00e9 decis\u00e3o minha. Eu n\u00e3o acredito que ela transmita seguran\u00e7a suficiente para a popula\u00e7\u00e3o [inaud\u00edvel]. Esse \u00e9 o pensamento nosso. Tenho certeza que outras vacinas que est\u00e3o em estudo poder\u00e3o ser comprovadas cientificamente, n\u00e3o sei quando, pode durar anos&#8221;, disse o presidente. &#8220;A China, lamentavelmente, j\u00e1 existe um descr\u00e9dito muito grande por parte da popula\u00e7\u00e3o, at\u00e9 porque, como muitos dizem, esse v\u00edrus teria nascido por l\u00e1&#8221;, acrescentou, sem apresentar provas do que estava dizendo.<\/p>\n<p style=\"text-align: justify;\">Na quarta-feira, o presidente desautorizou o ministro Eduardo Pazuello e afirmou que o imunizante contra o novo coronav\u00edrus &#8220;n\u00e3o ser\u00e1 comprado&#8221; pelo governo brasileiro. A decis\u00e3o ocorreu menos de 24 horas ap\u00f3s o Minist\u00e9rio da Sa\u00fade anunciar que tem a inten\u00e7\u00e3o de adquirir 46 milh\u00f5es de doses da Coronavac, vacina candidata contra Covid-19 do laborat\u00f3rio chin\u00eas Sinovac Biotech testada no Brasil pelo Instituto Butantan.<\/p>\n<p style=\"text-align: justify;\"><em>Fonte: Metro1<\/em><\/p>\n","protected":false},"excerpt":{"rendered":"<p>O presidente Jair Bolsonaro disse que a Coronavac, vacina desenvolvida pelo laborat\u00f3rio chin\u00eas Sinovac Biotech contra a Covid-19 e testada no Brasil pelo Instituto Butantan, n\u00e3o ser\u00e1 comprada pelo governo federal, mesmo ap\u00f3s uma eventual aprova\u00e7\u00e3o da Ag\u00eancia Nacional de Vigil\u00e2ncia Sanit\u00e1ria (Anvisa). Bolsonaro alego ontem (21), em entrevista \u00e0 r\u00e1dio Jovem Pan, que existe &hellip;<\/p>\n","protected":false},"author":2,"featured_media":30138,"comment_status":"open","ping_status":"open","sticky":false,"template":"","format":"standard","meta":{"om_disable_all_campaigns":false,"_monsterinsights_skip_tracking":false,"_monsterinsights_sitenote_active":false,"_monsterinsights_sitenote_note":"","_monsterinsights_sitenote_category":0,"footnotes":""},"categories":[34,70,69,21,19],"tags":[100,71,48,49,93,75,45,3960,3429,3486,46,129,107,44,132,1395,230,3828,106,203,120,51,109,88,47,111,190,3570],"class_list":["post-30191","post","type-post","status-publish","format-standard","has-post-thumbnail","hentry","category-brasil","category-destaques","category-noticias2","category-politica","category-saude","tag-adustina","tag-antas","tag-araci","tag-banzae","tag-brasil","tag-cicero-dantas","tag-cipo","tag-coronavac","tag-coronavirus","tag-covid-19","tag-crisopolis","tag-euclides-da-cunha","tag-fatima","tag-heliopolis","tag-itapicuru","tag-jair-bolsonaro","tag-jeremoabo","tag-noticias","tag-nova-soure","tag-novo-triunfo","tag-olindina","tag-paripiranga","tag-quijingue","tag-ribeira-do-amparo","tag-ribeira-do-pombal","tag-sitio-do-quinto","tag-tucano","tag-vacina"],"aioseo_notices":[],"_links":{"self":[{"href":"https:\/\/www.portalalerta.com.br\/index.php\/wp-json\/wp\/v2\/posts\/30191","targetHints":{"allow":["GET"]}}],"collection":[{"href":"https:\/\/www.portalalerta.com.br\/index.php\/wp-json\/wp\/v2\/posts"}],"about":[{"href":"https:\/\/www.portalalerta.com.br\/index.php\/wp-json\/wp\/v2\/types\/post"}],"author":[{"embeddable":true,"href":"https:\/\/www.portalalerta.com.br\/index.php\/wp-json\/wp\/v2\/users\/2"}],"replies":[{"embeddable":true,"href":"https:\/\/www.portalalerta.com.br\/index.php\/wp-json\/wp\/v2\/comments?post=30191"}],"version-history":[{"count":1,"href":"https:\/\/www.portalalerta.com.br\/index.php\/wp-json\/wp\/v2\/posts\/30191\/revisions"}],"predecessor-version":[{"id":30192,"href":"https:\/\/www.portalalerta.com.br\/index.php\/wp-json\/wp\/v2\/posts\/30191\/revisions\/30192"}],"wp:featuredmedia":[{"embeddable":true,"href":"https:\/\/www.portalalerta.com.br\/index.php\/wp-json\/wp\/v2\/media\/30138"}],"wp:attachment":[{"href":"https:\/\/www.portalalerta.com.br\/index.php\/wp-json\/wp\/v2\/media?parent=30191"}],"wp:term":[{"taxonomy":"category","embeddable":true,"href":"https:\/\/www.portalalerta.com.br\/index.php\/wp-json\/wp\/v2\/categories?post=30191"},{"taxonomy":"post_tag","embeddable":true,"href":"https:\/\/www.portalalerta.com.br\/index.php\/wp-json\/wp\/v2\/tags?post=30191"}],"curies":[{"name":"wp","href":"https:\/\/api.w.org\/{rel}","templated":true}]}}