{"id":30198,"date":"2020-10-23T10:46:37","date_gmt":"2020-10-23T13:46:37","guid":{"rendered":"https:\/\/www.portalalerta.com.br\/?p=30198"},"modified":"2020-10-23T10:46:37","modified_gmt":"2020-10-23T13:46:37","slug":"covid-19-mpe-aciona-municipio-de-cipo-ba-para-impedir-eventos-eleitorais","status":"publish","type":"post","link":"https:\/\/www.portalalerta.com.br\/index.php\/2020\/10\/23\/covid-19-mpe-aciona-municipio-de-cipo-ba-para-impedir-eventos-eleitorais\/","title":{"rendered":"Covid-19: MPE aciona munic\u00edpio de Cip\u00f3-BA para impedir eventos eleitorais"},"content":{"rendered":"<p style=\"text-align: justify;\">O\u00a0Minist\u00e9rio P\u00fablico Eleitoral acionou o munic\u00edpio de Cip\u00f3-BA, para que partidos e coliga\u00e7\u00f5es partid\u00e1rias do munic\u00edpio sejam impedidos de voltar a fazer eventos de campanha em via p\u00fablica que desrespeitem as medidas de combate ao novo coronav\u00edrus. A a\u00e7\u00e3o, inibit\u00f3ria com car\u00e1ter liminar, foi ajuizada na \u00faltima quarta-feira (21).<!--more--><\/p>\n<p style=\"text-align: justify;\">No documento, foi solicitado que a Justi\u00e7a determine aos candidatos que n\u00e3o fa\u00e7am eventos presenciais como com\u00edcios; passeatas e caminhadas; carretas acompanhadas por pessoas a p\u00e9; distribui\u00e7\u00e3o de panfletos, folhetos, adesivos, entre outros impressos durante as carreatas. Al\u00e9m disso, foi pedido que n\u00e3o desfilem em ve\u00edculo aberto, acompanhados de mais de tr\u00eas pessoas.<\/p>\n<p style=\"text-align: justify;\"><img fetchpriority=\"high\" decoding=\"async\" class=\"size-thumbnail wp-image-4869 aligncenter\" src=\"https:\/\/www.portalalerta.com.br\/wp-content\/uploads\/2018\/02\/Auto-Escola-Nobre-720x181.jpg\" alt=\"\" width=\"720\" height=\"181\" srcset=\"https:\/\/www.portalalerta.com.br\/wp-content\/uploads\/2018\/02\/Auto-Escola-Nobre.jpg 720w, https:\/\/www.portalalerta.com.br\/wp-content\/uploads\/2018\/02\/Auto-Escola-Nobre-260x65.jpg 260w, https:\/\/www.portalalerta.com.br\/wp-content\/uploads\/2018\/02\/Auto-Escola-Nobre-50x13.jpg 50w, https:\/\/www.portalalerta.com.br\/wp-content\/uploads\/2018\/02\/Auto-Escola-Nobre-150x38.jpg 150w\" sizes=\"(max-width: 720px) 100vw, 720px\" \/>Segundo a a\u00e7\u00e3o, as coliga\u00e7\u00f5es \u2018O trabalho n\u00e3o vai parar\u2019, do atual prefeito e candidato \u00e0 reelei\u00e7\u00e3o Abel Ara\u00fajo; \u2018Cip\u00f3, minha terra, Cip\u00f3, minha vida\u2019, do candidato Agenor Felipe Brito e \u2018Renova\u00e7\u00e3o + experi\u00eancia a servi\u00e7o do povo\u2019, de Jos\u00e9 Marques dos Reis, fizeram e participaram de eventos de campanha com \u201cintensa aglomera\u00e7\u00e3o\u201d, nos quais os apoiadores e candidatos confraternizaram sem m\u00e1scaras de prote\u00e7\u00e3o, aglomerados, sem respeitar o distanciamento m\u00ednimo de 1,5 m recomendado em Nota T\u00e9cnica da Secretaria Estadual da Sa\u00fade (Sesab), e sem acesso a qualquer dispensador de \u00e1lcool em gel.<\/p>\n<p style=\"text-align: justify;\">O promotor respons\u00e1vel pelo caso, F\u00e1bio Brito Miranda, argumentou que o atual prefeito participou da carreata, no \u00faltimo dia 18, \u201cno meio da multid\u00e3o, literalmente carregado nos bra\u00e7os de seus apoiadores, todos sem m\u00e1scaras\u201d. A a\u00e7\u00e3o se baseou em v\u00eddeos dos eventos. No caso do candidato Felipe Brito, um produto de propaganda eleitoral divulgado pelo pr\u00f3prio candidato.<\/p>\n<p style=\"text-align: justify;\">A a\u00e7\u00e3o incluiu ainda a candidata \u00e0 prefeita Taiane Santana Macedo, do Partido dos Trabalhadores (PT), por se tratar de pedido de medida judicial inibit\u00f3ria e preventiva. Segundo o promotor, \u201cn\u00e3o chegou ao Minist\u00e9rio P\u00fablico nenhum v\u00eddeo ou foto capaz de revelar o descumprimento \u00e0s normas sanit\u00e1rias de prote\u00e7\u00e3o\u201d por parte da candidata.<\/p>\n<p style=\"text-align: justify;\"><em>Fonte: Itapicuru Not\u00edcias<\/em><\/p>\n","protected":false},"excerpt":{"rendered":"<p>O\u00a0Minist\u00e9rio P\u00fablico Eleitoral acionou o munic\u00edpio de Cip\u00f3-BA, para que partidos e coliga\u00e7\u00f5es partid\u00e1rias do munic\u00edpio sejam impedidos de voltar a fazer eventos de campanha em via p\u00fablica que desrespeitem as medidas de combate ao novo coronav\u00edrus. A a\u00e7\u00e3o, inibit\u00f3ria com car\u00e1ter liminar, foi ajuizada na \u00faltima quarta-feira (21).<\/p>\n","protected":false},"author":2,"featured_media":14299,"comment_status":"open","ping_status":"open","sticky":false,"template":"","format":"standard","meta":{"om_disable_all_campaigns":false,"_monsterinsights_skip_tracking":false,"_monsterinsights_sitenote_active":false,"_monsterinsights_sitenote_note":"","_monsterinsights_sitenote_category":0,"footnotes":""},"categories":[13,70,69,21,32,19],"tags":[100,71,48,49,75,45,46,3215,129,3919,107,44,132,230,352,1512,3828,106,203,120,51,199,109,88,47,111,190],"class_list":["post-30198","post","type-post","status-publish","format-standard","has-post-thumbnail","hentry","category-cipo","category-destaques","category-noticias2","category-politica","category-regiao","category-saude","tag-adustina","tag-antas","tag-araci","tag-banzae","tag-cicero-dantas","tag-cipo","tag-crisopolis","tag-eleicoes-2020","tag-euclides-da-cunha","tag-eventos","tag-fatima","tag-heliopolis","tag-itapicuru","tag-jeremoabo","tag-ministerio-publico","tag-mpe","tag-noticias","tag-nova-soure","tag-novo-triunfo","tag-olindina","tag-paripiranga","tag-politica","tag-quijingue","tag-ribeira-do-amparo","tag-ribeira-do-pombal","tag-sitio-do-quinto","tag-tucano"],"aioseo_notices":[],"_links":{"self":[{"href":"https:\/\/www.portalalerta.com.br\/index.php\/wp-json\/wp\/v2\/posts\/30198","targetHints":{"allow":["GET"]}}],"collection":[{"href":"https:\/\/www.portalalerta.com.br\/index.php\/wp-json\/wp\/v2\/posts"}],"about":[{"href":"https:\/\/www.portalalerta.com.br\/index.php\/wp-json\/wp\/v2\/types\/post"}],"author":[{"embeddable":true,"href":"https:\/\/www.portalalerta.com.br\/index.php\/wp-json\/wp\/v2\/users\/2"}],"replies":[{"embeddable":true,"href":"https:\/\/www.portalalerta.com.br\/index.php\/wp-json\/wp\/v2\/comments?post=30198"}],"version-history":[{"count":1,"href":"https:\/\/www.portalalerta.com.br\/index.php\/wp-json\/wp\/v2\/posts\/30198\/revisions"}],"predecessor-version":[{"id":30199,"href":"https:\/\/www.portalalerta.com.br\/index.php\/wp-json\/wp\/v2\/posts\/30198\/revisions\/30199"}],"wp:featuredmedia":[{"embeddable":true,"href":"https:\/\/www.portalalerta.com.br\/index.php\/wp-json\/wp\/v2\/media\/14299"}],"wp:attachment":[{"href":"https:\/\/www.portalalerta.com.br\/index.php\/wp-json\/wp\/v2\/media?parent=30198"}],"wp:term":[{"taxonomy":"category","embeddable":true,"href":"https:\/\/www.portalalerta.com.br\/index.php\/wp-json\/wp\/v2\/categories?post=30198"},{"taxonomy":"post_tag","embeddable":true,"href":"https:\/\/www.portalalerta.com.br\/index.php\/wp-json\/wp\/v2\/tags?post=30198"}],"curies":[{"name":"wp","href":"https:\/\/api.w.org\/{rel}","templated":true}]}}