{"id":3028,"date":"2017-12-20T18:27:53","date_gmt":"2017-12-20T20:27:53","guid":{"rendered":"http:\/\/www.portalalerta.com.br\/?p=3028"},"modified":"2017-12-20T18:28:56","modified_gmt":"2017-12-20T20:28:56","slug":"homem-fica-gravemente-ferido-apos-ser-agredido-a-pauladas-em-banzae-ba","status":"publish","type":"post","link":"https:\/\/www.portalalerta.com.br\/index.php\/2017\/12\/20\/homem-fica-gravemente-ferido-apos-ser-agredido-a-pauladas-em-banzae-ba\/","title":{"rendered":"Homem fica gravemente ferido ap\u00f3s ser agredido a pauladas, em Banza\u00ea-BA"},"content":{"rendered":"<p>Na noite do \u00faltimo domingo, 12, Denival Souza do Carmo, 30 anos, morador da Av. Calazans, bairro Nova Mirandela, em Banza\u00ea-BA, ficou gravemente ferido ap\u00f3s ser agredido a pauladas, que atingiram sua cabe\u00e7a, quando o mesmo se encontrava na localidade de Lagoa dos Peixes, zona rural de Banza\u00ea-BA.<!--more--><\/p>\n<p>Possivelmente com Traumatismo Craniano, Denival foi socorrido para a Unidade de Sa\u00fade de Banza\u00ea-BA, de onde foi transferido para o Hospital Geral Santa Tereza, em Ribeira do Pombal. O caso do rapaz \u00e9 considerado delicado, e de acordo com m\u00e9dicos da Unidade, o mesmo n\u00e3o deveria ter sido transferido para Ribeira do Pombal, j\u00e1 que no momento a Unidade Hospitalar n\u00e3o disp\u00f5e de cirurgi\u00e3o especialista que o caso requer, sendo ofertado apenas os Primeiros Socorros.<\/p>\n<p>Policiais militares de Ribeira do Pombal foram informados da entrada da v\u00edtima no referido Hospital, e imediatamente se dirigiram at\u00e9 o local, onde mantiveram contato com a mesma, que afirmou que os autores das agress\u00f5es foram: Seu primo conhecido como Z\u00e9 Domingos (Tabida), e Sidney (Cid).<\/p>\n<p>O caso foi informado \u00e0 Pol\u00edcia Civil que dever\u00e1 iniciar as investiga\u00e7\u00f5es. Quanto aos envolvidos n\u00e3o tiveram suas imagens divulgadas.<\/p>\n<p><a href=\"http:\/\/www.fecebook.com.br\/pombalalerta\"><strong>Curta nossa p\u00e1gina no facebook, e continue atualizado sobre tudo o que acontece em Ribeira do Pombal e Regi\u00e3o!<\/strong><\/a><\/p>\n<p><a href=\"https:\/\/play.google.com\/store\/apps\/details?id=com.globalstore.pombalalerta&amp;hl=pt_BR\"><strong>Baixe o nosso aplicativo, e fique de olho na not\u00edcia!<\/strong><\/a><\/p>\n<p>Continuamos \u201cde olho na not\u00edcia\u201d em busca de mais informa\u00e7\u00f5es sobre o caso.<\/p>\n<p><em>Reda\u00e7\u00e3o: Pombal Alerta<\/em><\/p>\n","protected":false},"excerpt":{"rendered":"<p>Na noite do \u00faltimo domingo, 12, Denival Souza do Carmo, 30 anos, morador da Av. Calazans, bairro Nova Mirandela, em Banza\u00ea-BA, ficou gravemente ferido ap\u00f3s ser agredido a pauladas, que atingiram sua cabe\u00e7a, quando o mesmo se encontrava na localidade de Lagoa dos Peixes, zona rural de Banza\u00ea-BA.<\/p>\n","protected":false},"author":2,"featured_media":3030,"comment_status":"closed","ping_status":"open","sticky":false,"template":"","format":"standard","meta":{"om_disable_all_campaigns":false,"_monsterinsights_skip_tracking":false,"_monsterinsights_sitenote_active":false,"_monsterinsights_sitenote_note":"","_monsterinsights_sitenote_category":0,"footnotes":""},"categories":[33,39,69,32,22],"tags":[73,49,74,60],"class_list":["post-3028","post","type-post","status-publish","format-standard","has-post-thumbnail","hentry","category-bahia","category-banzae","category-noticias2","category-regiao","category-seguranca","tag-agressao","tag-banzae","tag-h-g-s-t","tag-violencia"],"aioseo_notices":[],"_links":{"self":[{"href":"https:\/\/www.portalalerta.com.br\/index.php\/wp-json\/wp\/v2\/posts\/3028","targetHints":{"allow":["GET"]}}],"collection":[{"href":"https:\/\/www.portalalerta.com.br\/index.php\/wp-json\/wp\/v2\/posts"}],"about":[{"href":"https:\/\/www.portalalerta.com.br\/index.php\/wp-json\/wp\/v2\/types\/post"}],"author":[{"embeddable":true,"href":"https:\/\/www.portalalerta.com.br\/index.php\/wp-json\/wp\/v2\/users\/2"}],"replies":[{"embeddable":true,"href":"https:\/\/www.portalalerta.com.br\/index.php\/wp-json\/wp\/v2\/comments?post=3028"}],"version-history":[{"count":0,"href":"https:\/\/www.portalalerta.com.br\/index.php\/wp-json\/wp\/v2\/posts\/3028\/revisions"}],"wp:featuredmedia":[{"embeddable":true,"href":"https:\/\/www.portalalerta.com.br\/index.php\/wp-json\/wp\/v2\/media\/3030"}],"wp:attachment":[{"href":"https:\/\/www.portalalerta.com.br\/index.php\/wp-json\/wp\/v2\/media?parent=3028"}],"wp:term":[{"taxonomy":"category","embeddable":true,"href":"https:\/\/www.portalalerta.com.br\/index.php\/wp-json\/wp\/v2\/categories?post=3028"},{"taxonomy":"post_tag","embeddable":true,"href":"https:\/\/www.portalalerta.com.br\/index.php\/wp-json\/wp\/v2\/tags?post=3028"}],"curies":[{"name":"wp","href":"https:\/\/api.w.org\/{rel}","templated":true}]}}