{"id":30593,"date":"2020-11-16T14:22:15","date_gmt":"2020-11-16T17:22:15","guid":{"rendered":"https:\/\/www.portalalerta.com.br\/?p=30593"},"modified":"2020-11-16T14:22:15","modified_gmt":"2020-11-16T17:22:15","slug":"com-5208-dos-votos-validos-ricardo-almeida-e-reeleito-prefeito-de-cicero-dantas-ba-camara-tera-sete-novos-vereadores","status":"publish","type":"post","link":"https:\/\/www.portalalerta.com.br\/index.php\/2020\/11\/16\/com-5208-dos-votos-validos-ricardo-almeida-e-reeleito-prefeito-de-cicero-dantas-ba-camara-tera-sete-novos-vereadores\/","title":{"rendered":"Com 52,08% dos votos v\u00e1lidos, Ricardo Almeida \u00e9 reeleito prefeito de C\u00edcero Dantas-BA; C\u00e2mara ter\u00e1 sete novos vereadores"},"content":{"rendered":"<p style=\"text-align: justify;\">Depois de uma disputa intensa de quase 50 dias, os cicerodantentes j\u00e1 t\u00eam eleitos os seus representantes pol\u00edticos para os pr\u00f3ximos quatro anos nos poderes executivo e legislativo municipal.<!--more--><\/p>\n<p style=\"text-align: justify;\">Na elei\u00e7\u00e3o majorit\u00e1ria, o candidato a reelei\u00e7\u00e3o Ricardo Almeida (PP) se sagrou vitorioso com um percentual de 52,08% e 837 votos de vantagem para Kael Xavier (47,63%), candidato pelo PSD. Em terceiro lugar, ficou o candidato psolista, Givonaldo Evangelista com 57 votos (0,29%). Para o pr\u00f3ximo quadri\u00eanio (2021-2024), Ricardo ter\u00e1 como vice, Jackson Almeida do PDT.<\/p>\n<p style=\"text-align: justify;\"><img fetchpriority=\"high\" decoding=\"async\" class=\"size-thumbnail wp-image-30594 aligncenter\" src=\"https:\/\/www.portalalerta.com.br\/wp-content\/uploads\/2020\/11\/Elei\u00e7\u00e3o-2020-prefeito-C\u00edcero-Dantas-720x216.jpg\" alt=\"\" width=\"720\" height=\"216\" srcset=\"https:\/\/www.portalalerta.com.br\/wp-content\/uploads\/2020\/11\/Elei\u00e7\u00e3o-2020-prefeito-C\u00edcero-Dantas.jpg 720w, https:\/\/www.portalalerta.com.br\/wp-content\/uploads\/2020\/11\/Elei\u00e7\u00e3o-2020-prefeito-C\u00edcero-Dantas-260x78.jpg 260w, https:\/\/www.portalalerta.com.br\/wp-content\/uploads\/2020\/11\/Elei\u00e7\u00e3o-2020-prefeito-C\u00edcero-Dantas-50x15.jpg 50w, https:\/\/www.portalalerta.com.br\/wp-content\/uploads\/2020\/11\/Elei\u00e7\u00e3o-2020-prefeito-C\u00edcero-Dantas-150x45.jpg 150w\" sizes=\"(max-width: 720px) 100vw, 720px\" \/>J\u00e1 no \u00e2mbito do legislativo, sete dos vereadores eleitos s\u00e3o novatos e ir\u00e3o mudar a composi\u00e7\u00e3o da C\u00e2mara, que a partir de 2021 ter\u00e1 uma menor presen\u00e7a de pol\u00edticos tradicionais, que vinham sendo eleitos sequencialmente nos \u00faltimos pleitos.<\/p>\n<p style=\"text-align: justify;\"><img decoding=\"async\" class=\"size-thumbnail wp-image-4869 aligncenter\" src=\"https:\/\/www.portalalerta.com.br\/wp-content\/uploads\/2018\/02\/Auto-Escola-Nobre-720x181.jpg\" alt=\"\" width=\"720\" height=\"181\" srcset=\"https:\/\/www.portalalerta.com.br\/wp-content\/uploads\/2018\/02\/Auto-Escola-Nobre.jpg 720w, https:\/\/www.portalalerta.com.br\/wp-content\/uploads\/2018\/02\/Auto-Escola-Nobre-260x65.jpg 260w, https:\/\/www.portalalerta.com.br\/wp-content\/uploads\/2018\/02\/Auto-Escola-Nobre-50x13.jpg 50w, https:\/\/www.portalalerta.com.br\/wp-content\/uploads\/2018\/02\/Auto-Escola-Nobre-150x38.jpg 150w\" sizes=\"(max-width: 720px) 100vw, 720px\" \/>Ao todo, oito dos vereadores eleitos neste domingo (15) dever\u00e3o compor a base de apoio ao prefeito Ricardo Almeida. Os outros cinco formar\u00e3o a bancada de oposi\u00e7\u00e3o, que em rela\u00e7\u00e3o ao atual cen\u00e1rio, ganhar\u00e1 mais uma cadeira na casa legislativa.<\/p>\n<p style=\"text-align: justify;\"><img decoding=\"async\" class=\"aligncenter wp-image-30595 size-full\" src=\"https:\/\/www.portalalerta.com.br\/wp-content\/uploads\/2020\/11\/elei\u00e7\u00e3o-2020-vereadores-C\u00edcero-Dantas.jpg\" alt=\"\" width=\"720\" height=\"540\" srcset=\"https:\/\/www.portalalerta.com.br\/wp-content\/uploads\/2020\/11\/elei\u00e7\u00e3o-2020-vereadores-C\u00edcero-Dantas.jpg 720w, https:\/\/www.portalalerta.com.br\/wp-content\/uploads\/2020\/11\/elei\u00e7\u00e3o-2020-vereadores-C\u00edcero-Dantas-320x240.jpg 320w, https:\/\/www.portalalerta.com.br\/wp-content\/uploads\/2020\/11\/elei\u00e7\u00e3o-2020-vereadores-C\u00edcero-Dantas-195x146.jpg 195w, https:\/\/www.portalalerta.com.br\/wp-content\/uploads\/2020\/11\/elei\u00e7\u00e3o-2020-vereadores-C\u00edcero-Dantas-50x38.jpg 50w, https:\/\/www.portalalerta.com.br\/wp-content\/uploads\/2020\/11\/elei\u00e7\u00e3o-2020-vereadores-C\u00edcero-Dantas-100x75.jpg 100w\" sizes=\"(max-width: 720px) 100vw, 720px\" \/><\/p>\n<p style=\"text-align: justify;\"><em>Fonte: Sert\u00e3o em Pauta<\/em><\/p>\n","protected":false},"excerpt":{"rendered":"<p>Depois de uma disputa intensa de quase 50 dias, os cicerodantentes j\u00e1 t\u00eam eleitos os seus representantes pol\u00edticos para os pr\u00f3ximos quatro anos nos poderes executivo e legislativo municipal.<\/p>\n","protected":false},"author":2,"featured_media":29281,"comment_status":"open","ping_status":"open","sticky":false,"template":"","format":"standard","meta":{"om_disable_all_campaigns":false,"_monsterinsights_skip_tracking":false,"_monsterinsights_sitenote_active":false,"_monsterinsights_sitenote_note":"","_monsterinsights_sitenote_category":0,"footnotes":""},"categories":[4,70,69,21,32],"tags":[100,71,48,49,75,45,46,3215,1661,129,107,44,132,230,3828,106,203,120,51,198,109,88,47,830,111,190,135],"class_list":["post-30593","post","type-post","status-publish","format-standard","has-post-thumbnail","hentry","category-cicero-dantas","category-destaques","category-noticias2","category-politica","category-regiao","tag-adustina","tag-antas","tag-araci","tag-banzae","tag-cicero-dantas","tag-cipo","tag-crisopolis","tag-eleicoes-2020","tag-eleitos","tag-euclides-da-cunha","tag-fatima","tag-heliopolis","tag-itapicuru","tag-jeremoabo","tag-noticias","tag-nova-soure","tag-novo-triunfo","tag-olindina","tag-paripiranga","tag-prefeito","tag-quijingue","tag-ribeira-do-amparo","tag-ribeira-do-pombal","tag-ricardo-almeida","tag-sitio-do-quinto","tag-tucano","tag-vereadores"],"aioseo_notices":[],"_links":{"self":[{"href":"https:\/\/www.portalalerta.com.br\/index.php\/wp-json\/wp\/v2\/posts\/30593","targetHints":{"allow":["GET"]}}],"collection":[{"href":"https:\/\/www.portalalerta.com.br\/index.php\/wp-json\/wp\/v2\/posts"}],"about":[{"href":"https:\/\/www.portalalerta.com.br\/index.php\/wp-json\/wp\/v2\/types\/post"}],"author":[{"embeddable":true,"href":"https:\/\/www.portalalerta.com.br\/index.php\/wp-json\/wp\/v2\/users\/2"}],"replies":[{"embeddable":true,"href":"https:\/\/www.portalalerta.com.br\/index.php\/wp-json\/wp\/v2\/comments?post=30593"}],"version-history":[{"count":1,"href":"https:\/\/www.portalalerta.com.br\/index.php\/wp-json\/wp\/v2\/posts\/30593\/revisions"}],"predecessor-version":[{"id":30596,"href":"https:\/\/www.portalalerta.com.br\/index.php\/wp-json\/wp\/v2\/posts\/30593\/revisions\/30596"}],"wp:featuredmedia":[{"embeddable":true,"href":"https:\/\/www.portalalerta.com.br\/index.php\/wp-json\/wp\/v2\/media\/29281"}],"wp:attachment":[{"href":"https:\/\/www.portalalerta.com.br\/index.php\/wp-json\/wp\/v2\/media?parent=30593"}],"wp:term":[{"taxonomy":"category","embeddable":true,"href":"https:\/\/www.portalalerta.com.br\/index.php\/wp-json\/wp\/v2\/categories?post=30593"},{"taxonomy":"post_tag","embeddable":true,"href":"https:\/\/www.portalalerta.com.br\/index.php\/wp-json\/wp\/v2\/tags?post=30593"}],"curies":[{"name":"wp","href":"https:\/\/api.w.org\/{rel}","templated":true}]}}