{"id":30600,"date":"2020-11-16T14:38:41","date_gmt":"2020-11-16T17:38:41","guid":{"rendered":"https:\/\/www.portalalerta.com.br\/?p=30600"},"modified":"2020-11-16T14:38:41","modified_gmt":"2020-11-16T17:38:41","slug":"paulo-sergio-do-psd-e-reeleito-prefeito-de-adustina-ba","status":"publish","type":"post","link":"https:\/\/www.portalalerta.com.br\/index.php\/2020\/11\/16\/paulo-sergio-do-psd-e-reeleito-prefeito-de-adustina-ba\/","title":{"rendered":"Paulo Sergio, do PSD, \u00e9 reeleito prefeito de Adustina\/BA"},"content":{"rendered":"<p style=\"text-align: justify;\">Paulo Sergio, do PSD, foi reeleito neste domingo (15) prefeito de Adustina (BA) para os pr\u00f3ximos quatro anos. Ele venceu com\u00a06.558, que compreende 70,81% dos votos dados a todos os candidatos.<!--more--><\/p>\n<p style=\"text-align: justify;\">O candidato derrotou Carlinhos de Marta, que ficou em segundo lugar com 27,91% (2.585\u00a0votos).<\/p>\n<p style=\"text-align: justify;\">A elei\u00e7\u00e3o em Adustina teve\u00a014,79%\u00a0de absten\u00e7\u00e3o,\u00a01,52%\u00a0votos brancos e\u00a03,91% votos nulos.<\/p>\n<div style=\"text-align: justify;\" data-mvc-banner=\"leaderboard\"><\/div>\n<p style=\"text-align: justify;\"><script type=\"text\/javascript\"> (function(storeName) { var b = document.createElement('script'); b.type = 'text\/javascript'; b.async = true; b.src = 'https:\/\/www.magazinevoce.com.br\/js\/banner.js?store='+ storeName; var s = document.getElementsByTagName('script')[0]; s.parentNode.insertBefore(b, s); })('Nvscosta'); <\/script><\/p>\n<p style=\"text-align: justify;\">Paulo Sergio tem 37 anos, \u00e9 casado, tem ensino m\u00e9dio completo e declara ao TSE a ocupa\u00e7\u00e3o de prefeito. Ele tem um patrim\u00f4nio declarado de\u00a0R$ 65.000,00. A vice \u00e9 Loirinha, do PT, que tem 36 anos. Os dois fazem parte da coliga\u00e7\u00e3o \u201cPor uma Adustina cada vez melhor\u201d, formada pelos partidos\u00a0PT \/ PSB \/ PSD..<\/p>\n<p style=\"text-align: justify;\"><strong>Veja o resultado com 100% das urnas apuradas:<\/strong><\/p>\n<p style=\"text-align: justify;\"><em><img fetchpriority=\"high\" decoding=\"async\" class=\"aligncenter wp-image-30601 size-full\" src=\"https:\/\/www.portalalerta.com.br\/wp-content\/uploads\/2020\/11\/Elei\u00e7\u00e3o-2020-prefeito-Adustina.jpg\" alt=\"\" width=\"720\" height=\"216\" srcset=\"https:\/\/www.portalalerta.com.br\/wp-content\/uploads\/2020\/11\/Elei\u00e7\u00e3o-2020-prefeito-Adustina.jpg 720w, https:\/\/www.portalalerta.com.br\/wp-content\/uploads\/2020\/11\/Elei\u00e7\u00e3o-2020-prefeito-Adustina-260x78.jpg 260w, https:\/\/www.portalalerta.com.br\/wp-content\/uploads\/2020\/11\/Elei\u00e7\u00e3o-2020-prefeito-Adustina-50x15.jpg 50w, https:\/\/www.portalalerta.com.br\/wp-content\/uploads\/2020\/11\/Elei\u00e7\u00e3o-2020-prefeito-Adustina-150x45.jpg 150w\" sizes=\"(max-width: 720px) 100vw, 720px\" \/> <img decoding=\"async\" class=\"aligncenter wp-image-30602 size-full\" src=\"https:\/\/www.portalalerta.com.br\/wp-content\/uploads\/2020\/11\/elei\u00e7\u00e3o-2020-vereadores-Adustina.jpg\" alt=\"\" width=\"720\" height=\"393\" srcset=\"https:\/\/www.portalalerta.com.br\/wp-content\/uploads\/2020\/11\/elei\u00e7\u00e3o-2020-vereadores-Adustina.jpg 720w, https:\/\/www.portalalerta.com.br\/wp-content\/uploads\/2020\/11\/elei\u00e7\u00e3o-2020-vereadores-Adustina-440x240.jpg 440w, https:\/\/www.portalalerta.com.br\/wp-content\/uploads\/2020\/11\/elei\u00e7\u00e3o-2020-vereadores-Adustina-260x142.jpg 260w, https:\/\/www.portalalerta.com.br\/wp-content\/uploads\/2020\/11\/elei\u00e7\u00e3o-2020-vereadores-Adustina-50x27.jpg 50w, https:\/\/www.portalalerta.com.br\/wp-content\/uploads\/2020\/11\/elei\u00e7\u00e3o-2020-vereadores-Adustina-137x75.jpg 137w\" sizes=\"(max-width: 720px) 100vw, 720px\" \/>Fonte: Rodrygo Ferraz <\/em><\/p>\n","protected":false},"excerpt":{"rendered":"<p>Paulo Sergio, do PSD, foi reeleito neste domingo (15) prefeito de Adustina (BA) para os pr\u00f3ximos quatro anos. Ele venceu com\u00a06.558, que compreende 70,81% dos votos dados a todos os candidatos.<\/p>\n","protected":false},"author":2,"featured_media":30605,"comment_status":"open","ping_status":"open","sticky":false,"template":"","format":"standard","meta":{"om_disable_all_campaigns":false,"_monsterinsights_skip_tracking":false,"_monsterinsights_sitenote_active":false,"_monsterinsights_sitenote_note":"","_monsterinsights_sitenote_category":0,"footnotes":""},"categories":[40,70,69,21,32],"tags":[100,71,48,49,75,45,46,3215,1661,129,107,44,132,230,3828,106,203,120,51,3546,198,961,109,88,47,111,190,135],"class_list":["post-30600","post","type-post","status-publish","format-standard","has-post-thumbnail","hentry","category-adustina","category-destaques","category-noticias2","category-politica","category-regiao","tag-adustina","tag-antas","tag-araci","tag-banzae","tag-cicero-dantas","tag-cipo","tag-crisopolis","tag-eleicoes-2020","tag-eleitos","tag-euclides-da-cunha","tag-fatima","tag-heliopolis","tag-itapicuru","tag-jeremoabo","tag-noticias","tag-nova-soure","tag-novo-triunfo","tag-olindina","tag-paripiranga","tag-paulo-sergio","tag-prefeito","tag-psd","tag-quijingue","tag-ribeira-do-amparo","tag-ribeira-do-pombal","tag-sitio-do-quinto","tag-tucano","tag-vereadores"],"aioseo_notices":[],"_links":{"self":[{"href":"https:\/\/www.portalalerta.com.br\/index.php\/wp-json\/wp\/v2\/posts\/30600","targetHints":{"allow":["GET"]}}],"collection":[{"href":"https:\/\/www.portalalerta.com.br\/index.php\/wp-json\/wp\/v2\/posts"}],"about":[{"href":"https:\/\/www.portalalerta.com.br\/index.php\/wp-json\/wp\/v2\/types\/post"}],"author":[{"embeddable":true,"href":"https:\/\/www.portalalerta.com.br\/index.php\/wp-json\/wp\/v2\/users\/2"}],"replies":[{"embeddable":true,"href":"https:\/\/www.portalalerta.com.br\/index.php\/wp-json\/wp\/v2\/comments?post=30600"}],"version-history":[{"count":1,"href":"https:\/\/www.portalalerta.com.br\/index.php\/wp-json\/wp\/v2\/posts\/30600\/revisions"}],"predecessor-version":[{"id":30606,"href":"https:\/\/www.portalalerta.com.br\/index.php\/wp-json\/wp\/v2\/posts\/30600\/revisions\/30606"}],"wp:featuredmedia":[{"embeddable":true,"href":"https:\/\/www.portalalerta.com.br\/index.php\/wp-json\/wp\/v2\/media\/30605"}],"wp:attachment":[{"href":"https:\/\/www.portalalerta.com.br\/index.php\/wp-json\/wp\/v2\/media?parent=30600"}],"wp:term":[{"taxonomy":"category","embeddable":true,"href":"https:\/\/www.portalalerta.com.br\/index.php\/wp-json\/wp\/v2\/categories?post=30600"},{"taxonomy":"post_tag","embeddable":true,"href":"https:\/\/www.portalalerta.com.br\/index.php\/wp-json\/wp\/v2\/tags?post=30600"}],"curies":[{"name":"wp","href":"https:\/\/api.w.org\/{rel}","templated":true}]}}