{"id":30610,"date":"2020-11-16T15:04:44","date_gmt":"2020-11-16T18:04:44","guid":{"rendered":"https:\/\/www.portalalerta.com.br\/?p=30610"},"modified":"2020-11-16T15:04:44","modified_gmt":"2020-11-16T18:04:44","slug":"deri-do-paloma-pp-e-reeleito-prefeito-de-jeremoabo-ba-com-vantagem-de-159-votos","status":"publish","type":"post","link":"https:\/\/www.portalalerta.com.br\/index.php\/2020\/11\/16\/deri-do-paloma-pp-e-reeleito-prefeito-de-jeremoabo-ba-com-vantagem-de-159-votos\/","title":{"rendered":"Deri do Paloma (PP) \u00e9 reeleito Prefeito de Jeremoabo BA com vantagem de 159 votos"},"content":{"rendered":"<p style=\"text-align: justify;\">Numa das elei\u00e7\u00f5es mais disputadas de todos os tempos em Jeremoabo BA, o prefeito Deri (PP) foi reeleito e vai governar o munic\u00edpio pelos pr\u00f3ximos 4 anos (2021 a 2024), juntamente com o vice F\u00e1bio da Farm\u00e1cia (PODEMOS). O resultado contrariou v\u00e1rios progn\u00f3sticos e pesquisas.<!--more--><\/p>\n<p style=\"text-align: justify;\">Os eleitos concorreram pela Coliga\u00e7\u00e3o \u201cJeremoabo de todos n\u00f3s\u201d que reuniu os partidos PODEMOS, DEM, PP, PSL, PSDB, PL e PCdoB<\/p>\n<p style=\"text-align: justify;\">Deri (PP) governava o munic\u00edpio desde 2018 quando venceu as elei\u00e7\u00f5es suplementares e agora ter\u00e1 mais quatro anos para consolidar seu governo.<\/p>\n<p style=\"text-align: justify;\"><strong><img fetchpriority=\"high\" decoding=\"async\" class=\"size-thumbnail wp-image-4869 aligncenter\" src=\"https:\/\/www.portalalerta.com.br\/wp-content\/uploads\/2018\/02\/Auto-Escola-Nobre-720x181.jpg\" alt=\"\" width=\"720\" height=\"181\" srcset=\"https:\/\/www.portalalerta.com.br\/wp-content\/uploads\/2018\/02\/Auto-Escola-Nobre.jpg 720w, https:\/\/www.portalalerta.com.br\/wp-content\/uploads\/2018\/02\/Auto-Escola-Nobre-260x65.jpg 260w, https:\/\/www.portalalerta.com.br\/wp-content\/uploads\/2018\/02\/Auto-Escola-Nobre-50x13.jpg 50w, https:\/\/www.portalalerta.com.br\/wp-content\/uploads\/2018\/02\/Auto-Escola-Nobre-150x38.jpg 150w\" sizes=\"(max-width: 720px) 100vw, 720px\" \/>O resultado geral foi:<\/strong><\/p>\n<p style=\"text-align: justify;\">DERI (PP): 11.509 votos (50,35%)<\/p>\n<p style=\"text-align: justify;\">ANABEL (PSD) 11.350 VOTOS (49,65%)<\/p>\n<p style=\"text-align: justify;\">NULOS: 818 (3,42%)<\/p>\n<p style=\"text-align: justify;\">BRANCOS: 220 (0,92%)<\/p>\n<p style=\"text-align: justify;\">Eleitorado: 23.897 compareceram (83,95%) e 4.568 n\u00e3o compareceram (16,05%)<\/p>\n<p style=\"text-align: justify;\">Quanto aos vereadores, o resultado, at\u00e9 o momento de fechamento desta mat\u00e9ria, ainda n\u00e3o havia sido totalizado<\/p>\n<h2 style=\"text-align: justify;\">PERFIL DOS ELEITOS<\/h2>\n<p style=\"text-align: justify;\">Derisvaldo Jos\u00e9 dos Santos, 57 anos, natural de Itabaiana SE, comerciante do ramo de combust\u00edveis, h\u00e1 muitos anos estabelecido em Jeremoabo BA.<\/p>\n<p style=\"text-align: justify;\">Jos\u00e9 F\u00e1bio dos Santos, 53 anos, natural de Itabaiana SE, \u00b4comerciante do ramo de farm\u00e1cia, tamb\u00e9m h\u00e1 muitos anos aqui estabelecido.<\/p>\n<p style=\"text-align: justify;\">Assim, a dupla de sergipanos vai governar nosso munic\u00edpio. Historicamente, s\u00f3 para relembrar, Jeremoabo BA em tempos outrora j\u00e1 foi administrada pela Capitania de Sergipe. Os sergipanos h\u00e1 tempos que trazem emprego para nossa cidade aqui se estabelecendo em v\u00e1rios ramos de neg\u00f3cios.<\/p>\n<p style=\"text-align: justify;\"><em>Fonte: Jeremoabo.com.br<\/em><\/p>\n","protected":false},"excerpt":{"rendered":"<p>Numa das elei\u00e7\u00f5es mais disputadas de todos os tempos em Jeremoabo BA, o prefeito Deri (PP) foi reeleito e vai governar o munic\u00edpio pelos pr\u00f3ximos 4 anos (2021 a 2024), juntamente com o vice F\u00e1bio da Farm\u00e1cia (PODEMOS). O resultado contrariou v\u00e1rios progn\u00f3sticos e pesquisas.<\/p>\n","protected":false},"author":2,"featured_media":30611,"comment_status":"open","ping_status":"open","sticky":false,"template":"","format":"standard","meta":{"om_disable_all_campaigns":false,"_monsterinsights_skip_tracking":false,"_monsterinsights_sitenote_active":false,"_monsterinsights_sitenote_note":"","_monsterinsights_sitenote_category":0,"footnotes":""},"categories":[70,9,69,21,32],"tags":[100,71,48,49,75,45,46,1210,3215,1759,129,107,44,132,230,3828,106,203,120,51,198,109,88,47,111,190],"class_list":["post-30610","post","type-post","status-publish","format-standard","has-post-thumbnail","hentry","category-destaques","category-jeremoabo","category-noticias2","category-politica","category-regiao","tag-adustina","tag-antas","tag-araci","tag-banzae","tag-cicero-dantas","tag-cipo","tag-crisopolis","tag-deri-do-paloma","tag-eleicoes-2020","tag-eleito","tag-euclides-da-cunha","tag-fatima","tag-heliopolis","tag-itapicuru","tag-jeremoabo","tag-noticias","tag-nova-soure","tag-novo-triunfo","tag-olindina","tag-paripiranga","tag-prefeito","tag-quijingue","tag-ribeira-do-amparo","tag-ribeira-do-pombal","tag-sitio-do-quinto","tag-tucano"],"aioseo_notices":[],"_links":{"self":[{"href":"https:\/\/www.portalalerta.com.br\/index.php\/wp-json\/wp\/v2\/posts\/30610","targetHints":{"allow":["GET"]}}],"collection":[{"href":"https:\/\/www.portalalerta.com.br\/index.php\/wp-json\/wp\/v2\/posts"}],"about":[{"href":"https:\/\/www.portalalerta.com.br\/index.php\/wp-json\/wp\/v2\/types\/post"}],"author":[{"embeddable":true,"href":"https:\/\/www.portalalerta.com.br\/index.php\/wp-json\/wp\/v2\/users\/2"}],"replies":[{"embeddable":true,"href":"https:\/\/www.portalalerta.com.br\/index.php\/wp-json\/wp\/v2\/comments?post=30610"}],"version-history":[{"count":1,"href":"https:\/\/www.portalalerta.com.br\/index.php\/wp-json\/wp\/v2\/posts\/30610\/revisions"}],"predecessor-version":[{"id":30612,"href":"https:\/\/www.portalalerta.com.br\/index.php\/wp-json\/wp\/v2\/posts\/30610\/revisions\/30612"}],"wp:featuredmedia":[{"embeddable":true,"href":"https:\/\/www.portalalerta.com.br\/index.php\/wp-json\/wp\/v2\/media\/30611"}],"wp:attachment":[{"href":"https:\/\/www.portalalerta.com.br\/index.php\/wp-json\/wp\/v2\/media?parent=30610"}],"wp:term":[{"taxonomy":"category","embeddable":true,"href":"https:\/\/www.portalalerta.com.br\/index.php\/wp-json\/wp\/v2\/categories?post=30610"},{"taxonomy":"post_tag","embeddable":true,"href":"https:\/\/www.portalalerta.com.br\/index.php\/wp-json\/wp\/v2\/tags?post=30610"}],"curies":[{"name":"wp","href":"https:\/\/api.w.org\/{rel}","templated":true}]}}