{"id":30630,"date":"2020-11-16T20:31:22","date_gmt":"2020-11-16T23:31:22","guid":{"rendered":"https:\/\/www.portalalerta.com.br\/?p=30630"},"modified":"2020-11-16T20:31:22","modified_gmt":"2020-11-16T23:31:22","slug":"com-camara-renovada-eriksson-silva-e-eleito-prefeito-de-ribeira-do-pombal-ba","status":"publish","type":"post","link":"https:\/\/www.portalalerta.com.br\/index.php\/2020\/11\/16\/com-camara-renovada-eriksson-silva-e-eleito-prefeito-de-ribeira-do-pombal-ba\/","title":{"rendered":"Com C\u00e2mara renovada, Eriksson Silva \u00e9 eleito prefeito de Ribeira do Pombal-BA"},"content":{"rendered":"<p style=\"text-align: justify;\">No \u00faltimo domingo, 15, 31.331 pombalenses foram \u00e0s urnas escolher os pr\u00f3ximos representantes municipais.<!--more--><\/p>\n<p style=\"text-align: justify;\">Eriksson Silva (PSD) foi eleito para o cargo de prefeito da cidade, ap\u00f3s obter 16.486 votos (52,62%), 1.641 a mais que a 2\u00aa colocada, Nay de Z\u00e9 Grilo (PP), que obteve 14.845 votos (47,38%). Eriksson Silva foi o candidato indicado pelo atual prefeito Ricardo Maia.<\/p>\n<h2 style=\"text-align: justify;\"><img fetchpriority=\"high\" decoding=\"async\" class=\"aligncenter wp-image-30631 size-full\" src=\"https:\/\/www.portalalerta.com.br\/wp-content\/uploads\/2020\/11\/Elei\u00e7\u00e3o-2020-prefeito-Ribeira-do-Pombal.jpg\" alt=\"\" width=\"700\" height=\"300\" srcset=\"https:\/\/www.portalalerta.com.br\/wp-content\/uploads\/2020\/11\/Elei\u00e7\u00e3o-2020-prefeito-Ribeira-do-Pombal.jpg 700w, https:\/\/www.portalalerta.com.br\/wp-content\/uploads\/2020\/11\/Elei\u00e7\u00e3o-2020-prefeito-Ribeira-do-Pombal-560x240.jpg 560w, https:\/\/www.portalalerta.com.br\/wp-content\/uploads\/2020\/11\/Elei\u00e7\u00e3o-2020-prefeito-Ribeira-do-Pombal-260x111.jpg 260w, https:\/\/www.portalalerta.com.br\/wp-content\/uploads\/2020\/11\/Elei\u00e7\u00e3o-2020-prefeito-Ribeira-do-Pombal-50x21.jpg 50w, https:\/\/www.portalalerta.com.br\/wp-content\/uploads\/2020\/11\/Elei\u00e7\u00e3o-2020-prefeito-Ribeira-do-Pombal-150x64.jpg 150w\" sizes=\"(max-width: 700px) 100vw, 700px\" \/>C\u00e2mara de Vereadores Renovada<\/h2>\n<p style=\"text-align: justify;\">Agora com 15 vereadores, a C\u00e2mara Municipal ter\u00e1 a presen\u00e7a de 08 novos representantes, sendo que destes, cinco chegam ao cargo pela primeira vez, s\u00e3o eles: Ata\u00edde Cigano (PL), Narjara Andrade (PSD), Irm\u00e3o Ezequias (PSD), Nego Ri (PT), e Edilson do Barroc\u00e3o (PC do B). J\u00e1 Dominguinhos, Toninho, e Alessandro de Dad\u00e1, voltam a assumir o cargo de vereador, onde j\u00e1 estiveram em outras legislaturas.<\/p>\n<p style=\"text-align: justify;\"><img decoding=\"async\" class=\"aligncenter wp-image-18400 size-full\" src=\"https:\/\/www.portalalerta.com.br\/wp-content\/uploads\/2019\/07\/Real-Estilo-e-Voc\u00ea.jpeg\" alt=\"\" width=\"720\" height=\"273\" srcset=\"https:\/\/www.portalalerta.com.br\/wp-content\/uploads\/2019\/07\/Real-Estilo-e-Voc\u00ea.jpeg 720w, https:\/\/www.portalalerta.com.br\/wp-content\/uploads\/2019\/07\/Real-Estilo-e-Voc\u00ea-633x240.jpeg 633w, https:\/\/www.portalalerta.com.br\/wp-content\/uploads\/2019\/07\/Real-Estilo-e-Voc\u00ea-260x99.jpeg 260w, https:\/\/www.portalalerta.com.br\/wp-content\/uploads\/2019\/07\/Real-Estilo-e-Voc\u00ea-50x19.jpeg 50w, https:\/\/www.portalalerta.com.br\/wp-content\/uploads\/2019\/07\/Real-Estilo-e-Voc\u00ea-150x57.jpeg 150w\" sizes=\"(max-width: 720px) 100vw, 720px\" \/>A maior bancada na C\u00e2mara \u00e9 composta pelo Partido Social Democr\u00e1tico (PSD), com oito vereadores; seguido pelo PP, que ocupar\u00e1 quatro cadeiras; enquanto o PL, PT, e PC do B, elegeram um vereador, cada.<\/p>\n<p style=\"text-align: justify;\">O vereador mais bem votado, foi Ata\u00edde Cigano (PL), que mesmo tendo a sua primeira candidatura, obteve 1.970 votos. J\u00e1 Narjara Andrade \u00e9 a \u00fanica mulher a compor a casa.<\/p>\n<p style=\"text-align: justify;\"><img decoding=\"async\" class=\"aligncenter wp-image-30632 size-full\" src=\"https:\/\/www.portalalerta.com.br\/wp-content\/uploads\/2020\/11\/elei\u00e7\u00e3o-2020-vereadores-Ribeira-do-Pombal.jpg\" alt=\"\" width=\"720\" height=\"540\" srcset=\"https:\/\/www.portalalerta.com.br\/wp-content\/uploads\/2020\/11\/elei\u00e7\u00e3o-2020-vereadores-Ribeira-do-Pombal.jpg 720w, https:\/\/www.portalalerta.com.br\/wp-content\/uploads\/2020\/11\/elei\u00e7\u00e3o-2020-vereadores-Ribeira-do-Pombal-320x240.jpg 320w, https:\/\/www.portalalerta.com.br\/wp-content\/uploads\/2020\/11\/elei\u00e7\u00e3o-2020-vereadores-Ribeira-do-Pombal-195x146.jpg 195w, https:\/\/www.portalalerta.com.br\/wp-content\/uploads\/2020\/11\/elei\u00e7\u00e3o-2020-vereadores-Ribeira-do-Pombal-50x38.jpg 50w, https:\/\/www.portalalerta.com.br\/wp-content\/uploads\/2020\/11\/elei\u00e7\u00e3o-2020-vereadores-Ribeira-do-Pombal-100x75.jpg 100w\" sizes=\"(max-width: 720px) 100vw, 720px\" \/>Dr Jairo, Netinho da Pedra, Z\u00e9 Valdo, e Elias Brasil, n\u00e3o conseguiram se reeleger. Nadja do Hospital (PMB) que tentava ocupar a cadeira do esposo, F\u00e1bio de Nadja, obteve 1.152 votos, mas n\u00e3o foi suficiente para a elei\u00e7\u00e3o devdio ao quociente eleitoral.<\/p>\n<p style=\"text-align: justify;\"><em>Reda\u00e7\u00e3o: Portal Alerta<\/em><\/p>\n<p style=\"text-align: justify;\"><strong><em>#fiqueemcasa<\/em><\/strong><\/p>\n<p style=\"text-align: justify;\"><strong><em>#usemascaras <\/em><\/strong><\/p>\n","protected":false},"excerpt":{"rendered":"<p>No \u00faltimo domingo, 15, 31.331 pombalenses foram \u00e0s urnas escolher os pr\u00f3ximos representantes municipais.<\/p>\n","protected":false},"author":2,"featured_media":30633,"comment_status":"open","ping_status":"open","sticky":false,"template":"","format":"standard","meta":{"om_disable_all_campaigns":false,"_monsterinsights_skip_tracking":false,"_monsterinsights_sitenote_active":false,"_monsterinsights_sitenote_note":"","_monsterinsights_sitenote_category":0,"footnotes":""},"categories":[70,69,21,32,3],"tags":[100,71,48,49,75,45,46,3215,1661,129,107,44,132,230,3828,106,203,120,51,198,109,88,47,111,190,135],"class_list":["post-30630","post","type-post","status-publish","format-standard","has-post-thumbnail","hentry","category-destaques","category-noticias2","category-politica","category-regiao","category-ribeira-do-pombal","tag-adustina","tag-antas","tag-araci","tag-banzae","tag-cicero-dantas","tag-cipo","tag-crisopolis","tag-eleicoes-2020","tag-eleitos","tag-euclides-da-cunha","tag-fatima","tag-heliopolis","tag-itapicuru","tag-jeremoabo","tag-noticias","tag-nova-soure","tag-novo-triunfo","tag-olindina","tag-paripiranga","tag-prefeito","tag-quijingue","tag-ribeira-do-amparo","tag-ribeira-do-pombal","tag-sitio-do-quinto","tag-tucano","tag-vereadores"],"aioseo_notices":[],"_links":{"self":[{"href":"https:\/\/www.portalalerta.com.br\/index.php\/wp-json\/wp\/v2\/posts\/30630","targetHints":{"allow":["GET"]}}],"collection":[{"href":"https:\/\/www.portalalerta.com.br\/index.php\/wp-json\/wp\/v2\/posts"}],"about":[{"href":"https:\/\/www.portalalerta.com.br\/index.php\/wp-json\/wp\/v2\/types\/post"}],"author":[{"embeddable":true,"href":"https:\/\/www.portalalerta.com.br\/index.php\/wp-json\/wp\/v2\/users\/2"}],"replies":[{"embeddable":true,"href":"https:\/\/www.portalalerta.com.br\/index.php\/wp-json\/wp\/v2\/comments?post=30630"}],"version-history":[{"count":1,"href":"https:\/\/www.portalalerta.com.br\/index.php\/wp-json\/wp\/v2\/posts\/30630\/revisions"}],"predecessor-version":[{"id":30634,"href":"https:\/\/www.portalalerta.com.br\/index.php\/wp-json\/wp\/v2\/posts\/30630\/revisions\/30634"}],"wp:featuredmedia":[{"embeddable":true,"href":"https:\/\/www.portalalerta.com.br\/index.php\/wp-json\/wp\/v2\/media\/30633"}],"wp:attachment":[{"href":"https:\/\/www.portalalerta.com.br\/index.php\/wp-json\/wp\/v2\/media?parent=30630"}],"wp:term":[{"taxonomy":"category","embeddable":true,"href":"https:\/\/www.portalalerta.com.br\/index.php\/wp-json\/wp\/v2\/categories?post=30630"},{"taxonomy":"post_tag","embeddable":true,"href":"https:\/\/www.portalalerta.com.br\/index.php\/wp-json\/wp\/v2\/tags?post=30630"}],"curies":[{"name":"wp","href":"https:\/\/api.w.org\/{rel}","templated":true}]}}