{"id":30644,"date":"2020-11-17T15:11:14","date_gmt":"2020-11-17T18:11:14","guid":{"rendered":"https:\/\/www.portalalerta.com.br\/?p=30644"},"modified":"2020-11-17T15:11:14","modified_gmt":"2020-11-17T18:11:14","slug":"crianca-de-05-anos-de-idade-morre-em-acidente-de-transito-em-cipo-ba","status":"publish","type":"post","link":"https:\/\/www.portalalerta.com.br\/index.php\/2020\/11\/17\/crianca-de-05-anos-de-idade-morre-em-acidente-de-transito-em-cipo-ba\/","title":{"rendered":"Crian\u00e7a de 05 anos de idade morre em acidente de tr\u00e2nsito em Cip\u00f3-BA"},"content":{"rendered":"<p style=\"text-align: justify;\">No final da tarda do \u00faltimo domingo, 15, policiais militares do 1\u00ba Pelot\u00e3o\/ Cip\u00f3-BA foram informados de um acidente de tr\u00e2nsito ocorrido na Estrada do Buri, no referido munic\u00edpio.<!--more--><\/p>\n<p style=\"text-align: justify;\"><img fetchpriority=\"high\" decoding=\"async\" class=\"size-thumbnail wp-image-9394 alignleft\" src=\"https:\/\/www.portalalerta.com.br\/wp-content\/uploads\/2018\/07\/05elab-320x240.jpg\" alt=\"\" width=\"320\" height=\"240\" srcset=\"https:\/\/www.portalalerta.com.br\/wp-content\/uploads\/2018\/07\/05elab-320x240.jpg 320w, https:\/\/www.portalalerta.com.br\/wp-content\/uploads\/2018\/07\/05elab-195x146.jpg 195w, https:\/\/www.portalalerta.com.br\/wp-content\/uploads\/2018\/07\/05elab-50x38.jpg 50w, https:\/\/www.portalalerta.com.br\/wp-content\/uploads\/2018\/07\/05elab-100x75.jpg 100w, https:\/\/www.portalalerta.com.br\/wp-content\/uploads\/2018\/07\/05elab.jpg 400w\" sizes=\"(max-width: 320px) 100vw, 320px\" \/>No local, os militares n\u00e3o encontraram os ve\u00edculos envolvidos no acidente, um Volkswagen Voyage de cor prata, demais dados n\u00e3o divulgados, e uma motocicleta Honda Pop de cor preta, demais dados n\u00e3o divulgados.<\/p>\n<p style=\"text-align: justify;\">Assim como os ve\u00edculos, os ocupantes dos mesmos tamb\u00e9m n\u00e3o foram encontrados no local do acidente, sendo que o condutor do autom\u00f3vel teve o seu paradeiro indefinido, enquanto a condutora da motocicleta estava internada no Hospital da cidade. Al\u00e9m disso, a filha desta \u00faltima, Emilly Reis Santos, de apenas 05 anos, que tamb\u00e9m estava na motocicleta, n\u00e3o resistiu aos ferimentos e teve o seu \u00f3bito confirmado na unidade hospitalar.<\/p>\n<p style=\"text-align: justify;\">O caso dever\u00e1 ser investigado.<\/p>\n<p style=\"text-align: justify;\"><em>Reda\u00e7\u00e3o: Portal Alerta<\/em><\/p>\n<p style=\"text-align: justify;\"><strong><em>#fiqueemcasa<\/em><\/strong><\/p>\n<p style=\"text-align: justify;\"><strong><em>#usemascaras<\/em><\/strong><\/p>\n","protected":false},"excerpt":{"rendered":"<p>No final da tarda do \u00faltimo domingo, 15, policiais militares do 1\u00ba Pelot\u00e3o\/ Cip\u00f3-BA foram informados de um acidente de tr\u00e2nsito ocorrido na Estrada do Buri, no referido munic\u00edpio.<\/p>\n","protected":false},"author":2,"featured_media":30645,"comment_status":"open","ping_status":"open","sticky":false,"template":"","format":"standard","meta":{"om_disable_all_campaigns":false,"_monsterinsights_skip_tracking":false,"_monsterinsights_sitenote_active":false,"_monsterinsights_sitenote_note":"","_monsterinsights_sitenote_category":0,"footnotes":""},"categories":[13,70,69,32,22],"tags":[166,100,71,48,49,75,45,46,129,107,44,132,230,169,3828,106,203,120,51,109,88,47,111,190],"class_list":["post-30644","post","type-post","status-publish","format-standard","has-post-thumbnail","hentry","category-cipo","category-destaques","category-noticias2","category-regiao","category-seguranca","tag-acidente","tag-adustina","tag-antas","tag-araci","tag-banzae","tag-cicero-dantas","tag-cipo","tag-crisopolis","tag-euclides-da-cunha","tag-fatima","tag-heliopolis","tag-itapicuru","tag-jeremoabo","tag-morte","tag-noticias","tag-nova-soure","tag-novo-triunfo","tag-olindina","tag-paripiranga","tag-quijingue","tag-ribeira-do-amparo","tag-ribeira-do-pombal","tag-sitio-do-quinto","tag-tucano"],"aioseo_notices":[],"_links":{"self":[{"href":"https:\/\/www.portalalerta.com.br\/index.php\/wp-json\/wp\/v2\/posts\/30644","targetHints":{"allow":["GET"]}}],"collection":[{"href":"https:\/\/www.portalalerta.com.br\/index.php\/wp-json\/wp\/v2\/posts"}],"about":[{"href":"https:\/\/www.portalalerta.com.br\/index.php\/wp-json\/wp\/v2\/types\/post"}],"author":[{"embeddable":true,"href":"https:\/\/www.portalalerta.com.br\/index.php\/wp-json\/wp\/v2\/users\/2"}],"replies":[{"embeddable":true,"href":"https:\/\/www.portalalerta.com.br\/index.php\/wp-json\/wp\/v2\/comments?post=30644"}],"version-history":[{"count":1,"href":"https:\/\/www.portalalerta.com.br\/index.php\/wp-json\/wp\/v2\/posts\/30644\/revisions"}],"predecessor-version":[{"id":30646,"href":"https:\/\/www.portalalerta.com.br\/index.php\/wp-json\/wp\/v2\/posts\/30644\/revisions\/30646"}],"wp:featuredmedia":[{"embeddable":true,"href":"https:\/\/www.portalalerta.com.br\/index.php\/wp-json\/wp\/v2\/media\/30645"}],"wp:attachment":[{"href":"https:\/\/www.portalalerta.com.br\/index.php\/wp-json\/wp\/v2\/media?parent=30644"}],"wp:term":[{"taxonomy":"category","embeddable":true,"href":"https:\/\/www.portalalerta.com.br\/index.php\/wp-json\/wp\/v2\/categories?post=30644"},{"taxonomy":"post_tag","embeddable":true,"href":"https:\/\/www.portalalerta.com.br\/index.php\/wp-json\/wp\/v2\/tags?post=30644"}],"curies":[{"name":"wp","href":"https:\/\/api.w.org\/{rel}","templated":true}]}}