{"id":30647,"date":"2020-11-17T15:21:47","date_gmt":"2020-11-17T18:21:47","guid":{"rendered":"https:\/\/www.portalalerta.com.br\/?p=30647"},"modified":"2020-11-17T15:21:47","modified_gmt":"2020-11-17T18:21:47","slug":"luciano-pinheiro-e-reeleito-prefeito-de-euclides-da-cunha-ba","status":"publish","type":"post","link":"https:\/\/www.portalalerta.com.br\/index.php\/2020\/11\/17\/luciano-pinheiro-e-reeleito-prefeito-de-euclides-da-cunha-ba\/","title":{"rendered":"Luciano Pinheiro \u00e9 reeleito prefeito de Euclides da Cunha-BA"},"content":{"rendered":"<p style=\"text-align: justify;\">Com 100 % das urnas apuradas, Luciano Pinheiro (PDT), atual prefeito de Euclides da Cunha, est\u00e1 eleito para mais um mandato no Poder Executivo. A diferen\u00e7a \u00e9 de 5.383 mil votos de vantagem sobre o segundo colocado.<!--more--><\/p>\n<p style=\"text-align: justify;\">Luciano Pinheiro Damasceno e Santos, conhecido popularmente como Dr. Luciano, chega ao seu segundo mandato consecutivo como prefeito aos 37 anos de idade. Seu primeiro mandato foi alcan\u00e7ado na elei\u00e7\u00e3o de 2016, que tinha como advers\u00e1rio o candidato Vaval Damasceno, o ent\u00e3o vice da ex-prefeita F\u00e1tima Nunes. Antes disso, foi vereador por uma legislatura em Euclides da Cunha (2009-2012).<\/p>\n<p style=\"text-align: justify;\"><img fetchpriority=\"high\" decoding=\"async\" class=\"size-thumbnail wp-image-4869 aligncenter\" src=\"https:\/\/www.portalalerta.com.br\/wp-content\/uploads\/2018\/02\/Auto-Escola-Nobre-720x181.jpg\" alt=\"\" width=\"720\" height=\"181\" srcset=\"https:\/\/www.portalalerta.com.br\/wp-content\/uploads\/2018\/02\/Auto-Escola-Nobre.jpg 720w, https:\/\/www.portalalerta.com.br\/wp-content\/uploads\/2018\/02\/Auto-Escola-Nobre-260x65.jpg 260w, https:\/\/www.portalalerta.com.br\/wp-content\/uploads\/2018\/02\/Auto-Escola-Nobre-50x13.jpg 50w, https:\/\/www.portalalerta.com.br\/wp-content\/uploads\/2018\/02\/Auto-Escola-Nobre-150x38.jpg 150w\" sizes=\"(max-width: 720px) 100vw, 720px\" \/>A chapa vencedora tem como vice o vereador Rubenilson Campos (PV), fun\u00e7\u00e3o p\u00fablica pela qual Luciano Pinheiro percorreu antes mesmo de vencer sua primeira elei\u00e7\u00e3o majorit\u00e1ria, em 2016. Ele j\u00e1 havia tentado ao cargo do Executivo em 2012.<\/p>\n<p style=\"text-align: justify;\">Luciano Pinheiro obteve 20.057 (57,20% do eleitorado). Seus advers\u00e1rios F\u00e1tima Nunes (PSD) e Pequinho Abreu (PT) somam 42,8% dos votos v\u00e1lidos, respectivamente 41,85% (14.674) e 0,95% (332).<\/p>\n<p style=\"text-align: justify;\"><em>Fonte: Euclidesdacunha.com<\/em><\/p>\n","protected":false},"excerpt":{"rendered":"<p>Com 100 % das urnas apuradas, Luciano Pinheiro (PDT), atual prefeito de Euclides da Cunha, est\u00e1 eleito para mais um mandato no Poder Executivo. A diferen\u00e7a \u00e9 de 5.383 mil votos de vantagem sobre o segundo colocado.<\/p>\n","protected":false},"author":2,"featured_media":29237,"comment_status":"open","ping_status":"open","sticky":false,"template":"","format":"standard","meta":{"om_disable_all_campaigns":false,"_monsterinsights_skip_tracking":false,"_monsterinsights_sitenote_active":false,"_monsterinsights_sitenote_note":"","_monsterinsights_sitenote_category":0,"footnotes":""},"categories":[70,17,69,21,32],"tags":[100,71,48,49,75,45,46,3215,129,107,44,132,230,981,3828,106,203,120,51,198,109,88,47,111,190,135],"class_list":["post-30647","post","type-post","status-publish","format-standard","has-post-thumbnail","hentry","category-destaques","category-euclides-da-cunha","category-noticias2","category-politica","category-regiao","tag-adustina","tag-antas","tag-araci","tag-banzae","tag-cicero-dantas","tag-cipo","tag-crisopolis","tag-eleicoes-2020","tag-euclides-da-cunha","tag-fatima","tag-heliopolis","tag-itapicuru","tag-jeremoabo","tag-luciano-pinheiro","tag-noticias","tag-nova-soure","tag-novo-triunfo","tag-olindina","tag-paripiranga","tag-prefeito","tag-quijingue","tag-ribeira-do-amparo","tag-ribeira-do-pombal","tag-sitio-do-quinto","tag-tucano","tag-vereadores"],"aioseo_notices":[],"_links":{"self":[{"href":"https:\/\/www.portalalerta.com.br\/index.php\/wp-json\/wp\/v2\/posts\/30647","targetHints":{"allow":["GET"]}}],"collection":[{"href":"https:\/\/www.portalalerta.com.br\/index.php\/wp-json\/wp\/v2\/posts"}],"about":[{"href":"https:\/\/www.portalalerta.com.br\/index.php\/wp-json\/wp\/v2\/types\/post"}],"author":[{"embeddable":true,"href":"https:\/\/www.portalalerta.com.br\/index.php\/wp-json\/wp\/v2\/users\/2"}],"replies":[{"embeddable":true,"href":"https:\/\/www.portalalerta.com.br\/index.php\/wp-json\/wp\/v2\/comments?post=30647"}],"version-history":[{"count":1,"href":"https:\/\/www.portalalerta.com.br\/index.php\/wp-json\/wp\/v2\/posts\/30647\/revisions"}],"predecessor-version":[{"id":30648,"href":"https:\/\/www.portalalerta.com.br\/index.php\/wp-json\/wp\/v2\/posts\/30647\/revisions\/30648"}],"wp:featuredmedia":[{"embeddable":true,"href":"https:\/\/www.portalalerta.com.br\/index.php\/wp-json\/wp\/v2\/media\/29237"}],"wp:attachment":[{"href":"https:\/\/www.portalalerta.com.br\/index.php\/wp-json\/wp\/v2\/media?parent=30647"}],"wp:term":[{"taxonomy":"category","embeddable":true,"href":"https:\/\/www.portalalerta.com.br\/index.php\/wp-json\/wp\/v2\/categories?post=30647"},{"taxonomy":"post_tag","embeddable":true,"href":"https:\/\/www.portalalerta.com.br\/index.php\/wp-json\/wp\/v2\/tags?post=30647"}],"curies":[{"name":"wp","href":"https:\/\/api.w.org\/{rel}","templated":true}]}}