{"id":30656,"date":"2020-11-17T23:05:22","date_gmt":"2020-11-18T02:05:22","guid":{"rendered":"https:\/\/www.portalalerta.com.br\/?p=30656"},"modified":"2020-11-17T23:05:22","modified_gmt":"2020-11-18T02:05:22","slug":"binho-de-alfredo-e-eleito-prefeito-de-fatima-ba-com-7334-dos-votos","status":"publish","type":"post","link":"https:\/\/www.portalalerta.com.br\/index.php\/2020\/11\/17\/binho-de-alfredo-e-eleito-prefeito-de-fatima-ba-com-7334-dos-votos\/","title":{"rendered":"Binho de Alfredo \u00e9 eleito prefeito de F\u00e1tima-BA com 73,34% dos votos"},"content":{"rendered":"<p style=\"text-align: justify;\">O candidato oposicionista Binho de Alfredo (PT), se elegeu prefeito de F\u00e1tima-BA, ap\u00f3s receber 8.841 votos dos 12.054 v\u00e1lidos.<!--more--><\/p>\n<p style=\"text-align: justify;\">J\u00e1 o candidato indicado pelo atual prefeito \u201cSorria\u201d, Nego de Pretinho (PSB) obteve apenas 3.213 votos, 5.628 votos de diferen\u00e7a.<\/p>\n<h2 style=\"text-align: justify;\"><img fetchpriority=\"high\" decoding=\"async\" class=\"aligncenter wp-image-30658 size-full\" src=\"https:\/\/www.portalalerta.com.br\/wp-content\/uploads\/2020\/11\/elei\u00e7\u00e3o-2020-prefeito-F\u00e1tima.jpg\" alt=\"\" width=\"720\" height=\"216\" srcset=\"https:\/\/www.portalalerta.com.br\/wp-content\/uploads\/2020\/11\/elei\u00e7\u00e3o-2020-prefeito-F\u00e1tima.jpg 720w, https:\/\/www.portalalerta.com.br\/wp-content\/uploads\/2020\/11\/elei\u00e7\u00e3o-2020-prefeito-F\u00e1tima-260x78.jpg 260w, https:\/\/www.portalalerta.com.br\/wp-content\/uploads\/2020\/11\/elei\u00e7\u00e3o-2020-prefeito-F\u00e1tima-50x15.jpg 50w, https:\/\/www.portalalerta.com.br\/wp-content\/uploads\/2020\/11\/elei\u00e7\u00e3o-2020-prefeito-F\u00e1tima-150x45.jpg 150w\" sizes=\"(max-width: 720px) 100vw, 720px\" \/>C\u00e2mara de Vereadores<\/h2>\n<p style=\"text-align: justify;\"><img decoding=\"async\" class=\"size-thumbnail wp-image-9394 alignleft\" src=\"https:\/\/www.portalalerta.com.br\/wp-content\/uploads\/2018\/07\/05elab-320x240.jpg\" alt=\"\" width=\"320\" height=\"240\" srcset=\"https:\/\/www.portalalerta.com.br\/wp-content\/uploads\/2018\/07\/05elab-320x240.jpg 320w, https:\/\/www.portalalerta.com.br\/wp-content\/uploads\/2018\/07\/05elab-195x146.jpg 195w, https:\/\/www.portalalerta.com.br\/wp-content\/uploads\/2018\/07\/05elab-50x38.jpg 50w, https:\/\/www.portalalerta.com.br\/wp-content\/uploads\/2018\/07\/05elab-100x75.jpg 100w, https:\/\/www.portalalerta.com.br\/wp-content\/uploads\/2018\/07\/05elab.jpg 400w\" sizes=\"(max-width: 320px) 100vw, 320px\" \/><\/p>\n<p>&nbsp;<\/p>\n<p style=\"text-align: justify;\">Al\u00e9m da vota\u00e7\u00e3o expressiva, Binho de Alfredo conquistou a maioria na C\u00e2mara de Vereadores, onde o seu partido ficou com sete cadeiras, das onze poss\u00edveis. O PSB ficou com tr\u00eas cadeiras, seguido pelo PDT que ficou com uma.<\/p>\n<p style=\"text-align: justify;\">O vereador Pedro de Ivo de Pedro de Jovita (PSB), foi o mais bem votado, com 1.028 votos, e Nerivan (PSB) \u00e9 a \u00fanica mulher a compor o legislativo fatimense.<\/p>\n<p>&nbsp;<\/p>\n<p style=\"text-align: justify;\"><em><img decoding=\"async\" class=\"aligncenter wp-image-30661 size-full\" src=\"https:\/\/www.portalalerta.com.br\/wp-content\/uploads\/2020\/11\/elei\u00e7\u00e3o-2020-vereadores-F\u00e1tima.jpg\" alt=\"\" width=\"720\" height=\"396\" srcset=\"https:\/\/www.portalalerta.com.br\/wp-content\/uploads\/2020\/11\/elei\u00e7\u00e3o-2020-vereadores-F\u00e1tima.jpg 720w, https:\/\/www.portalalerta.com.br\/wp-content\/uploads\/2020\/11\/elei\u00e7\u00e3o-2020-vereadores-F\u00e1tima-436x240.jpg 436w, https:\/\/www.portalalerta.com.br\/wp-content\/uploads\/2020\/11\/elei\u00e7\u00e3o-2020-vereadores-F\u00e1tima-260x143.jpg 260w, https:\/\/www.portalalerta.com.br\/wp-content\/uploads\/2020\/11\/elei\u00e7\u00e3o-2020-vereadores-F\u00e1tima-50x28.jpg 50w, https:\/\/www.portalalerta.com.br\/wp-content\/uploads\/2020\/11\/elei\u00e7\u00e3o-2020-vereadores-F\u00e1tima-136x75.jpg 136w\" sizes=\"(max-width: 720px) 100vw, 720px\" \/>Reda\u00e7\u00e3o: Portal Alerta<\/em><\/p>\n<p style=\"text-align: justify;\"><strong><em>#fiqueemcasa<\/em><\/strong><\/p>\n<p style=\"text-align: justify;\"><strong><em>#usemascaras<\/em><\/strong><\/p>\n","protected":false},"excerpt":{"rendered":"<p>O candidato oposicionista Binho de Alfredo (PT), se elegeu prefeito de F\u00e1tima-BA, ap\u00f3s receber 8.841 votos dos 12.054 v\u00e1lidos.<\/p>\n","protected":false},"author":2,"featured_media":30663,"comment_status":"open","ping_status":"open","sticky":false,"template":"","format":"standard","meta":{"om_disable_all_campaigns":false,"_monsterinsights_skip_tracking":false,"_monsterinsights_sitenote_active":false,"_monsterinsights_sitenote_note":"","_monsterinsights_sitenote_category":0,"footnotes":""},"categories":[70,10,69,21,32],"tags":[100,71,48,49,3995,75,45,46,3215,129,107,44,132,230,3828,106,203,120,51,198,304,109,88,47,111,190,135],"class_list":["post-30656","post","type-post","status-publish","format-standard","has-post-thumbnail","hentry","category-destaques","category-fatima","category-noticias2","category-politica","category-regiao","tag-adustina","tag-antas","tag-araci","tag-banzae","tag-binho-de-alfredo","tag-cicero-dantas","tag-cipo","tag-crisopolis","tag-eleicoes-2020","tag-euclides-da-cunha","tag-fatima","tag-heliopolis","tag-itapicuru","tag-jeremoabo","tag-noticias","tag-nova-soure","tag-novo-triunfo","tag-olindina","tag-paripiranga","tag-prefeito","tag-pt","tag-quijingue","tag-ribeira-do-amparo","tag-ribeira-do-pombal","tag-sitio-do-quinto","tag-tucano","tag-vereadores"],"aioseo_notices":[],"_links":{"self":[{"href":"https:\/\/www.portalalerta.com.br\/index.php\/wp-json\/wp\/v2\/posts\/30656","targetHints":{"allow":["GET"]}}],"collection":[{"href":"https:\/\/www.portalalerta.com.br\/index.php\/wp-json\/wp\/v2\/posts"}],"about":[{"href":"https:\/\/www.portalalerta.com.br\/index.php\/wp-json\/wp\/v2\/types\/post"}],"author":[{"embeddable":true,"href":"https:\/\/www.portalalerta.com.br\/index.php\/wp-json\/wp\/v2\/users\/2"}],"replies":[{"embeddable":true,"href":"https:\/\/www.portalalerta.com.br\/index.php\/wp-json\/wp\/v2\/comments?post=30656"}],"version-history":[{"count":1,"href":"https:\/\/www.portalalerta.com.br\/index.php\/wp-json\/wp\/v2\/posts\/30656\/revisions"}],"predecessor-version":[{"id":30664,"href":"https:\/\/www.portalalerta.com.br\/index.php\/wp-json\/wp\/v2\/posts\/30656\/revisions\/30664"}],"wp:featuredmedia":[{"embeddable":true,"href":"https:\/\/www.portalalerta.com.br\/index.php\/wp-json\/wp\/v2\/media\/30663"}],"wp:attachment":[{"href":"https:\/\/www.portalalerta.com.br\/index.php\/wp-json\/wp\/v2\/media?parent=30656"}],"wp:term":[{"taxonomy":"category","embeddable":true,"href":"https:\/\/www.portalalerta.com.br\/index.php\/wp-json\/wp\/v2\/categories?post=30656"},{"taxonomy":"post_tag","embeddable":true,"href":"https:\/\/www.portalalerta.com.br\/index.php\/wp-json\/wp\/v2\/tags?post=30656"}],"curies":[{"name":"wp","href":"https:\/\/api.w.org\/{rel}","templated":true}]}}