{"id":30669,"date":"2020-11-17T23:20:59","date_gmt":"2020-11-18T02:20:59","guid":{"rendered":"https:\/\/www.portalalerta.com.br\/?p=30669"},"modified":"2020-11-17T23:20:59","modified_gmt":"2020-11-18T02:20:59","slug":"jailma-dantas-e-reeleita-prefeita-de-banzae-ba-com-5474-dos-votos","status":"publish","type":"post","link":"https:\/\/www.portalalerta.com.br\/index.php\/2020\/11\/17\/jailma-dantas-e-reeleita-prefeita-de-banzae-ba-com-5474-dos-votos\/","title":{"rendered":"Jailma Dantas  \u00e9 reeleita prefeita de Banza\u00ea-BA com 54,74% dos votos"},"content":{"rendered":"<p style=\"text-align: justify;\">A atual prefeita de Banza\u00ea-BA, Jailma Dantas (PT), renovou o seu mandato por mais quatro anos, ap\u00f3s ser eleita com 4.310 votos (54,74%), nas elei\u00e7\u00f5es municipais realizadas no \u00faltimo domingo, 15.<!--more--><\/p>\n<p style=\"text-align: justify;\">O seu opositor, Ramon Nunes (PL), obteve 3.563 votos (45,26%), 747 votos a menos que a vencedora.<\/p>\n<h2 style=\"text-align: justify;\"><img fetchpriority=\"high\" decoding=\"async\" class=\"aligncenter wp-image-30657 size-full\" src=\"https:\/\/www.portalalerta.com.br\/wp-content\/uploads\/2020\/11\/Elei\u00e7\u00e3o-2020-prefeito-Banza\u00ea.jpg\" alt=\"\" width=\"720\" height=\"216\" srcset=\"https:\/\/www.portalalerta.com.br\/wp-content\/uploads\/2020\/11\/Elei\u00e7\u00e3o-2020-prefeito-Banza\u00ea.jpg 720w, https:\/\/www.portalalerta.com.br\/wp-content\/uploads\/2020\/11\/Elei\u00e7\u00e3o-2020-prefeito-Banza\u00ea-260x78.jpg 260w, https:\/\/www.portalalerta.com.br\/wp-content\/uploads\/2020\/11\/Elei\u00e7\u00e3o-2020-prefeito-Banza\u00ea-50x15.jpg 50w, https:\/\/www.portalalerta.com.br\/wp-content\/uploads\/2020\/11\/Elei\u00e7\u00e3o-2020-prefeito-Banza\u00ea-150x45.jpg 150w\" sizes=\"(max-width: 720px) 100vw, 720px\" \/>C\u00e2mara de Vereadores<\/h2>\n<p style=\"text-align: justify;\">Al\u00e9m da reelei\u00e7\u00e3o, Jailma tamb\u00e9m conquistou a maioria na C\u00e2mara de Vereadores, onde ter\u00e1 seis cadeiras, restando apenas tr\u00eas vagas para o PL.<\/p>\n<p style=\"text-align: justify;\"><img decoding=\"async\" class=\"size-thumbnail wp-image-18400 aligncenter\" src=\"https:\/\/www.portalalerta.com.br\/wp-content\/uploads\/2019\/07\/Real-Estilo-e-Voc\u00ea-633x240.jpeg\" alt=\"\" width=\"633\" height=\"240\" srcset=\"https:\/\/www.portalalerta.com.br\/wp-content\/uploads\/2019\/07\/Real-Estilo-e-Voc\u00ea-633x240.jpeg 633w, https:\/\/www.portalalerta.com.br\/wp-content\/uploads\/2019\/07\/Real-Estilo-e-Voc\u00ea-260x99.jpeg 260w, https:\/\/www.portalalerta.com.br\/wp-content\/uploads\/2019\/07\/Real-Estilo-e-Voc\u00ea-50x19.jpeg 50w, https:\/\/www.portalalerta.com.br\/wp-content\/uploads\/2019\/07\/Real-Estilo-e-Voc\u00ea-150x57.jpeg 150w, https:\/\/www.portalalerta.com.br\/wp-content\/uploads\/2019\/07\/Real-Estilo-e-Voc\u00ea.jpeg 720w\" sizes=\"(max-width: 633px) 100vw, 633px\" \/>O vereador mais bem votado foi Roger Enfermeiro, que obteve 702 votos. O legislativo banza\u00eaense ser\u00e1 composto por tr\u00eas mulheres.<\/p>\n<p style=\"text-align: justify;\"><img decoding=\"async\" class=\"aligncenter wp-image-30660 size-full\" src=\"https:\/\/www.portalalerta.com.br\/wp-content\/uploads\/2020\/11\/elei\u00e7\u00e3o-2020-vereadores-Banza\u00ea.jpg\" alt=\"\" width=\"720\" height=\"396\" srcset=\"https:\/\/www.portalalerta.com.br\/wp-content\/uploads\/2020\/11\/elei\u00e7\u00e3o-2020-vereadores-Banza\u00ea.jpg 720w, https:\/\/www.portalalerta.com.br\/wp-content\/uploads\/2020\/11\/elei\u00e7\u00e3o-2020-vereadores-Banza\u00ea-436x240.jpg 436w, https:\/\/www.portalalerta.com.br\/wp-content\/uploads\/2020\/11\/elei\u00e7\u00e3o-2020-vereadores-Banza\u00ea-260x143.jpg 260w, https:\/\/www.portalalerta.com.br\/wp-content\/uploads\/2020\/11\/elei\u00e7\u00e3o-2020-vereadores-Banza\u00ea-50x28.jpg 50w, https:\/\/www.portalalerta.com.br\/wp-content\/uploads\/2020\/11\/elei\u00e7\u00e3o-2020-vereadores-Banza\u00ea-136x75.jpg 136w\" sizes=\"(max-width: 720px) 100vw, 720px\" \/><em>Reda\u00e7\u00e3o: Portal Alerta<\/em><\/p>\n<p style=\"text-align: justify;\"><strong><em>#fiqueemcasa<\/em><\/strong><\/p>\n<p style=\"text-align: justify;\"><strong><em>#usemascaras<\/em><\/strong><\/p>\n","protected":false},"excerpt":{"rendered":"<p>A atual prefeita de Banza\u00ea-BA, Jailma Dantas (PT), renovou o seu mandato por mais quatro anos, ap\u00f3s ser eleita com 4.310 votos (54,74%), nas elei\u00e7\u00f5es municipais realizadas no \u00faltimo domingo, 15.<\/p>\n","protected":false},"author":2,"featured_media":17377,"comment_status":"open","ping_status":"open","sticky":false,"template":"","format":"standard","meta":{"om_disable_all_campaigns":false,"_monsterinsights_skip_tracking":false,"_monsterinsights_sitenote_active":false,"_monsterinsights_sitenote_note":"","_monsterinsights_sitenote_category":0,"footnotes":""},"categories":[39,70,69,21,32],"tags":[100,71,48,49,75,45,46,3215,129,107,44,132,921,230,3828,106,203,120,51,1426,109,88,47,111,190,135],"class_list":["post-30669","post","type-post","status-publish","format-standard","has-post-thumbnail","hentry","category-banzae","category-destaques","category-noticias2","category-politica","category-regiao","tag-adustina","tag-antas","tag-araci","tag-banzae","tag-cicero-dantas","tag-cipo","tag-crisopolis","tag-eleicoes-2020","tag-euclides-da-cunha","tag-fatima","tag-heliopolis","tag-itapicuru","tag-jailma-dantas","tag-jeremoabo","tag-noticias","tag-nova-soure","tag-novo-triunfo","tag-olindina","tag-paripiranga","tag-prefeita","tag-quijingue","tag-ribeira-do-amparo","tag-ribeira-do-pombal","tag-sitio-do-quinto","tag-tucano","tag-vereadores"],"aioseo_notices":[],"_links":{"self":[{"href":"https:\/\/www.portalalerta.com.br\/index.php\/wp-json\/wp\/v2\/posts\/30669","targetHints":{"allow":["GET"]}}],"collection":[{"href":"https:\/\/www.portalalerta.com.br\/index.php\/wp-json\/wp\/v2\/posts"}],"about":[{"href":"https:\/\/www.portalalerta.com.br\/index.php\/wp-json\/wp\/v2\/types\/post"}],"author":[{"embeddable":true,"href":"https:\/\/www.portalalerta.com.br\/index.php\/wp-json\/wp\/v2\/users\/2"}],"replies":[{"embeddable":true,"href":"https:\/\/www.portalalerta.com.br\/index.php\/wp-json\/wp\/v2\/comments?post=30669"}],"version-history":[{"count":1,"href":"https:\/\/www.portalalerta.com.br\/index.php\/wp-json\/wp\/v2\/posts\/30669\/revisions"}],"predecessor-version":[{"id":30670,"href":"https:\/\/www.portalalerta.com.br\/index.php\/wp-json\/wp\/v2\/posts\/30669\/revisions\/30670"}],"wp:featuredmedia":[{"embeddable":true,"href":"https:\/\/www.portalalerta.com.br\/index.php\/wp-json\/wp\/v2\/media\/17377"}],"wp:attachment":[{"href":"https:\/\/www.portalalerta.com.br\/index.php\/wp-json\/wp\/v2\/media?parent=30669"}],"wp:term":[{"taxonomy":"category","embeddable":true,"href":"https:\/\/www.portalalerta.com.br\/index.php\/wp-json\/wp\/v2\/categories?post=30669"},{"taxonomy":"post_tag","embeddable":true,"href":"https:\/\/www.portalalerta.com.br\/index.php\/wp-json\/wp\/v2\/tags?post=30669"}],"curies":[{"name":"wp","href":"https:\/\/api.w.org\/{rel}","templated":true}]}}