{"id":30673,"date":"2020-11-17T23:36:23","date_gmt":"2020-11-18T02:36:23","guid":{"rendered":"https:\/\/www.portalalerta.com.br\/?p=30673"},"modified":"2020-11-17T23:36:23","modified_gmt":"2020-11-18T02:36:23","slug":"com-minoria-na-camara-de-vereadores-germano-santana-se-reelege-prefeito-de-ribeira-do-amparo-ba","status":"publish","type":"post","link":"https:\/\/www.portalalerta.com.br\/index.php\/2020\/11\/17\/com-minoria-na-camara-de-vereadores-germano-santana-se-reelege-prefeito-de-ribeira-do-amparo-ba\/","title":{"rendered":"Com minoria na C\u00e2mara de Vereadores, Germano Santana se reelege prefeito de Ribeira do Amparo-BA"},"content":{"rendered":"<p style=\"text-align: justify;\">O atual prefeito de Ribeira do Amparo-BA, Germano Santana (PT), se reelegeu para o executivo municipal, nas elei\u00e7\u00f5es realizadas no \u00faltimo domingo, 15.<!--more--><\/p>\n<p style=\"text-align: justify;\">O petista recebeu 4.802 votos (51,32%), 404 a mais que sua opositora, Teti Britto (PSD), que recebeu 4.398 votos (47%). Daiane (PC do B) conquistou 145 votos (1,55%), e Galo Cego (PSOL), conquistou 12 votos (0,13%).<\/p>\n<h2 style=\"text-align: justify;\"><img fetchpriority=\"high\" decoding=\"async\" class=\"aligncenter wp-image-30659 size-full\" src=\"https:\/\/www.portalalerta.com.br\/wp-content\/uploads\/2020\/11\/Elei\u00e7\u00e3o-2020-prefeito-Ribeira-do-Amparo.jpg\" alt=\"\" width=\"720\" height=\"180\" srcset=\"https:\/\/www.portalalerta.com.br\/wp-content\/uploads\/2020\/11\/Elei\u00e7\u00e3o-2020-prefeito-Ribeira-do-Amparo.jpg 720w, https:\/\/www.portalalerta.com.br\/wp-content\/uploads\/2020\/11\/Elei\u00e7\u00e3o-2020-prefeito-Ribeira-do-Amparo-260x65.jpg 260w, https:\/\/www.portalalerta.com.br\/wp-content\/uploads\/2020\/11\/Elei\u00e7\u00e3o-2020-prefeito-Ribeira-do-Amparo-50x13.jpg 50w, https:\/\/www.portalalerta.com.br\/wp-content\/uploads\/2020\/11\/Elei\u00e7\u00e3o-2020-prefeito-Ribeira-do-Amparo-150x38.jpg 150w\" sizes=\"(max-width: 720px) 100vw, 720px\" \/>C\u00e2mara de Vereadores<\/h2>\n<p style=\"text-align: justify;\"><img decoding=\"async\" class=\"size-thumbnail wp-image-9394 alignleft\" src=\"https:\/\/www.portalalerta.com.br\/wp-content\/uploads\/2018\/07\/05elab-320x240.jpg\" alt=\"\" width=\"320\" height=\"240\" srcset=\"https:\/\/www.portalalerta.com.br\/wp-content\/uploads\/2018\/07\/05elab-320x240.jpg 320w, https:\/\/www.portalalerta.com.br\/wp-content\/uploads\/2018\/07\/05elab-195x146.jpg 195w, https:\/\/www.portalalerta.com.br\/wp-content\/uploads\/2018\/07\/05elab-50x38.jpg 50w, https:\/\/www.portalalerta.com.br\/wp-content\/uploads\/2018\/07\/05elab-100x75.jpg 100w, https:\/\/www.portalalerta.com.br\/wp-content\/uploads\/2018\/07\/05elab.jpg 400w\" sizes=\"(max-width: 320px) 100vw, 320px\" \/><\/p>\n<p>&nbsp;<\/p>\n<p style=\"text-align: justify;\">Embora tenha sido eleito, Germano Santana dever\u00e1 encontrar dificuldades no legislativo, tendo em vista que conquistou apenas quatro cadeiras das nove dispon\u00edveis no legislativo Ribeirense. Por outro lado, a oposi\u00e7\u00e3o ocupar\u00e1 as cinco cadeiras restantes.<\/p>\n<p style=\"text-align: justify;\">A C\u00e2mara ser\u00e1 composta por tr\u00eas mulheres, sendo que uma delas, Dani de Homero, foi a mais bem votada, com 846 votos.<\/p>\n<p>&nbsp;<\/p>\n<p style=\"text-align: justify;\"><em><img decoding=\"async\" class=\"aligncenter wp-image-30662 size-full\" src=\"https:\/\/www.portalalerta.com.br\/wp-content\/uploads\/2020\/11\/elei\u00e7\u00e3o-2020-vereadores-Ribeira-do-Amparo.jpg\" alt=\"\" width=\"720\" height=\"396\" srcset=\"https:\/\/www.portalalerta.com.br\/wp-content\/uploads\/2020\/11\/elei\u00e7\u00e3o-2020-vereadores-Ribeira-do-Amparo.jpg 720w, https:\/\/www.portalalerta.com.br\/wp-content\/uploads\/2020\/11\/elei\u00e7\u00e3o-2020-vereadores-Ribeira-do-Amparo-436x240.jpg 436w, https:\/\/www.portalalerta.com.br\/wp-content\/uploads\/2020\/11\/elei\u00e7\u00e3o-2020-vereadores-Ribeira-do-Amparo-260x143.jpg 260w, https:\/\/www.portalalerta.com.br\/wp-content\/uploads\/2020\/11\/elei\u00e7\u00e3o-2020-vereadores-Ribeira-do-Amparo-50x28.jpg 50w, https:\/\/www.portalalerta.com.br\/wp-content\/uploads\/2020\/11\/elei\u00e7\u00e3o-2020-vereadores-Ribeira-do-Amparo-136x75.jpg 136w\" sizes=\"(max-width: 720px) 100vw, 720px\" \/>Reda\u00e7\u00e3o: Portal Alerta<\/em><\/p>\n<p style=\"text-align: justify;\"><strong><em>#fiqueemcasa<\/em><\/strong><\/p>\n<p style=\"text-align: justify;\"><strong><em>#usemascaras<\/em><\/strong><\/p>\n","protected":false},"excerpt":{"rendered":"<p>O atual prefeito de Ribeira do Amparo-BA, Germano Santana (PT), se reelegeu para o executivo municipal, nas elei\u00e7\u00f5es realizadas no \u00faltimo domingo, 15.<\/p>\n","protected":false},"author":2,"featured_media":3989,"comment_status":"open","ping_status":"open","sticky":false,"template":"","format":"standard","meta":{"om_disable_all_campaigns":false,"_monsterinsights_skip_tracking":false,"_monsterinsights_sitenote_active":false,"_monsterinsights_sitenote_note":"","_monsterinsights_sitenote_category":0,"footnotes":""},"categories":[70,69,21,32,16],"tags":[100,71,48,49,75,45,46,3215,129,107,436,44,132,230,3828,106,203,120,51,198,304,109,1489,88,47,111,190,135],"class_list":["post-30673","post","type-post","status-publish","format-standard","has-post-thumbnail","hentry","category-destaques","category-noticias2","category-politica","category-regiao","category-ribeira-do-amparo","tag-adustina","tag-antas","tag-araci","tag-banzae","tag-cicero-dantas","tag-cipo","tag-crisopolis","tag-eleicoes-2020","tag-euclides-da-cunha","tag-fatima","tag-germano-santana","tag-heliopolis","tag-itapicuru","tag-jeremoabo","tag-noticias","tag-nova-soure","tag-novo-triunfo","tag-olindina","tag-paripiranga","tag-prefeito","tag-pt","tag-quijingue","tag-reeleicao","tag-ribeira-do-amparo","tag-ribeira-do-pombal","tag-sitio-do-quinto","tag-tucano","tag-vereadores"],"aioseo_notices":[],"_links":{"self":[{"href":"https:\/\/www.portalalerta.com.br\/index.php\/wp-json\/wp\/v2\/posts\/30673","targetHints":{"allow":["GET"]}}],"collection":[{"href":"https:\/\/www.portalalerta.com.br\/index.php\/wp-json\/wp\/v2\/posts"}],"about":[{"href":"https:\/\/www.portalalerta.com.br\/index.php\/wp-json\/wp\/v2\/types\/post"}],"author":[{"embeddable":true,"href":"https:\/\/www.portalalerta.com.br\/index.php\/wp-json\/wp\/v2\/users\/2"}],"replies":[{"embeddable":true,"href":"https:\/\/www.portalalerta.com.br\/index.php\/wp-json\/wp\/v2\/comments?post=30673"}],"version-history":[{"count":1,"href":"https:\/\/www.portalalerta.com.br\/index.php\/wp-json\/wp\/v2\/posts\/30673\/revisions"}],"predecessor-version":[{"id":30674,"href":"https:\/\/www.portalalerta.com.br\/index.php\/wp-json\/wp\/v2\/posts\/30673\/revisions\/30674"}],"wp:featuredmedia":[{"embeddable":true,"href":"https:\/\/www.portalalerta.com.br\/index.php\/wp-json\/wp\/v2\/media\/3989"}],"wp:attachment":[{"href":"https:\/\/www.portalalerta.com.br\/index.php\/wp-json\/wp\/v2\/media?parent=30673"}],"wp:term":[{"taxonomy":"category","embeddable":true,"href":"https:\/\/www.portalalerta.com.br\/index.php\/wp-json\/wp\/v2\/categories?post=30673"},{"taxonomy":"post_tag","embeddable":true,"href":"https:\/\/www.portalalerta.com.br\/index.php\/wp-json\/wp\/v2\/tags?post=30673"}],"curies":[{"name":"wp","href":"https:\/\/api.w.org\/{rel}","templated":true}]}}