{"id":30705,"date":"2020-11-19T22:26:10","date_gmt":"2020-11-20T01:26:10","guid":{"rendered":"https:\/\/www.portalalerta.com.br\/?p=30705"},"modified":"2020-11-19T22:26:10","modified_gmt":"2020-11-20T01:26:10","slug":"covid-19-alemanha-enfrenta-protestos-contra-novas-medidas-de-isolamento-social","status":"publish","type":"post","link":"https:\/\/www.portalalerta.com.br\/index.php\/2020\/11\/19\/covid-19-alemanha-enfrenta-protestos-contra-novas-medidas-de-isolamento-social\/","title":{"rendered":"Covid-19: Alemanha enfrenta protestos contra novas medidas de isolamento social"},"content":{"rendered":"<p style=\"text-align: justify;\">A pol\u00edcia usou jatos de \u00e1gua para dispersar uma manifesta\u00e7\u00e3o em Berlim na \u00faltima quarta-feira (18) contra as medidas restritivas impostas para conter a pandemia de covid-19, porque os manifestantes se recusaram a usar m\u00e1scaras e manter dist\u00e2ncia entre si. Pa\u00eds passa pela segunda onda da doen\u00e7a.<!--more--><\/p>\n<p style=\"text-align: justify;\"><img fetchpriority=\"high\" decoding=\"async\" class=\"size-thumbnail wp-image-18400 aligncenter\" src=\"https:\/\/www.portalalerta.com.br\/wp-content\/uploads\/2019\/07\/Real-Estilo-e-Voc\u00ea-633x240.jpeg\" alt=\"\" width=\"633\" height=\"240\" srcset=\"https:\/\/www.portalalerta.com.br\/wp-content\/uploads\/2019\/07\/Real-Estilo-e-Voc\u00ea-633x240.jpeg 633w, https:\/\/www.portalalerta.com.br\/wp-content\/uploads\/2019\/07\/Real-Estilo-e-Voc\u00ea-260x99.jpeg 260w, https:\/\/www.portalalerta.com.br\/wp-content\/uploads\/2019\/07\/Real-Estilo-e-Voc\u00ea-50x19.jpeg 50w, https:\/\/www.portalalerta.com.br\/wp-content\/uploads\/2019\/07\/Real-Estilo-e-Voc\u00ea-150x57.jpeg 150w, https:\/\/www.portalalerta.com.br\/wp-content\/uploads\/2019\/07\/Real-Estilo-e-Voc\u00ea.jpeg 720w\" sizes=\"(max-width: 633px) 100vw, 633px\" \/>Pouco antes, por causa do descumprimento das instru\u00e7\u00f5es sanit\u00e1rias, a pol\u00edcia havia ordenado a dispers\u00e3o da aglomera\u00e7\u00e3o, que reuniu milhares de pessoas no centro da capital alem\u00e3.<\/p>\n<p style=\"text-align: justify;\">Diante do desrespeito \u00e0 ordem de dispers\u00e3o, a pol\u00edcia usou jatos de \u00e1gua, o que \u00e9 incomum em Berlim. Algumas pessoas foram detidas.<\/p>\n<p style=\"text-align: justify;\"><em>Fonte: Metro1<\/em><\/p>\n","protected":false},"excerpt":{"rendered":"<p>A pol\u00edcia usou jatos de \u00e1gua para dispersar uma manifesta\u00e7\u00e3o em Berlim na \u00faltima quarta-feira (18) contra as medidas restritivas impostas para conter a pandemia de covid-19, porque os manifestantes se recusaram a usar m\u00e1scaras e manter dist\u00e2ncia entre si. Pa\u00eds passa pela segunda onda da doen\u00e7a.<\/p>\n","protected":false},"author":2,"featured_media":30706,"comment_status":"open","ping_status":"open","sticky":false,"template":"","format":"standard","meta":{"om_disable_all_campaigns":false,"_monsterinsights_skip_tracking":false,"_monsterinsights_sitenote_active":false,"_monsterinsights_sitenote_note":"","_monsterinsights_sitenote_category":0,"footnotes":""},"categories":[70,35,69,19],"tags":[100,1248,71,48,49,75,45,46,129,107,44,132,230,339,3828,106,203,120,51,3740,109,88,47,111,190],"class_list":["post-30705","post","type-post","status-publish","format-standard","has-post-thumbnail","hentry","category-destaques","category-mundo","category-noticias2","category-saude","tag-adustina","tag-alemanha","tag-antas","tag-araci","tag-banzae","tag-cicero-dantas","tag-cipo","tag-crisopolis","tag-euclides-da-cunha","tag-fatima","tag-heliopolis","tag-itapicuru","tag-jeremoabo","tag-mundo","tag-noticias","tag-nova-soure","tag-novo-triunfo","tag-olindina","tag-paripiranga","tag-protestos","tag-quijingue","tag-ribeira-do-amparo","tag-ribeira-do-pombal","tag-sitio-do-quinto","tag-tucano"],"aioseo_notices":[],"_links":{"self":[{"href":"https:\/\/www.portalalerta.com.br\/index.php\/wp-json\/wp\/v2\/posts\/30705","targetHints":{"allow":["GET"]}}],"collection":[{"href":"https:\/\/www.portalalerta.com.br\/index.php\/wp-json\/wp\/v2\/posts"}],"about":[{"href":"https:\/\/www.portalalerta.com.br\/index.php\/wp-json\/wp\/v2\/types\/post"}],"author":[{"embeddable":true,"href":"https:\/\/www.portalalerta.com.br\/index.php\/wp-json\/wp\/v2\/users\/2"}],"replies":[{"embeddable":true,"href":"https:\/\/www.portalalerta.com.br\/index.php\/wp-json\/wp\/v2\/comments?post=30705"}],"version-history":[{"count":1,"href":"https:\/\/www.portalalerta.com.br\/index.php\/wp-json\/wp\/v2\/posts\/30705\/revisions"}],"predecessor-version":[{"id":30707,"href":"https:\/\/www.portalalerta.com.br\/index.php\/wp-json\/wp\/v2\/posts\/30705\/revisions\/30707"}],"wp:featuredmedia":[{"embeddable":true,"href":"https:\/\/www.portalalerta.com.br\/index.php\/wp-json\/wp\/v2\/media\/30706"}],"wp:attachment":[{"href":"https:\/\/www.portalalerta.com.br\/index.php\/wp-json\/wp\/v2\/media?parent=30705"}],"wp:term":[{"taxonomy":"category","embeddable":true,"href":"https:\/\/www.portalalerta.com.br\/index.php\/wp-json\/wp\/v2\/categories?post=30705"},{"taxonomy":"post_tag","embeddable":true,"href":"https:\/\/www.portalalerta.com.br\/index.php\/wp-json\/wp\/v2\/tags?post=30705"}],"curies":[{"name":"wp","href":"https:\/\/api.w.org\/{rel}","templated":true}]}}