{"id":30863,"date":"2020-11-26T09:53:28","date_gmt":"2020-11-26T12:53:28","guid":{"rendered":"https:\/\/www.portalalerta.com.br\/?p=30863"},"modified":"2020-11-26T09:54:27","modified_gmt":"2020-11-26T12:54:27","slug":"pelo-quarto-ano-consecutivo-empresarios-e-profissionais-de-sucesso-serao-premiados-em-ribeira-do-pombal-ba","status":"publish","type":"post","link":"https:\/\/www.portalalerta.com.br\/index.php\/2020\/11\/26\/pelo-quarto-ano-consecutivo-empresarios-e-profissionais-de-sucesso-serao-premiados-em-ribeira-do-pombal-ba\/","title":{"rendered":"Pelo quarto ano consecutivo, empres\u00e1rios e profissionais de sucesso ser\u00e3o premiados em Ribeira do Pombal-BA"},"content":{"rendered":"<p style=\"text-align: justify;\">Na pr\u00f3xima sexta-feira, 27, os melhores empres\u00e1rios e profissionais de Ribeira do Pombal-BA, estar\u00e3o reunidos no Espa\u00e7o Vila Miguel, para serem premiados em reconhecimento pelos respectivos servi\u00e7os prestados, tendo como fonte uma pesquisa de opini\u00e3o p\u00fablica realizada pela Times Comunica\u00e7\u00e3o.\u00a0<!--more--><\/p>\n<p style=\"text-align: justify;\">Este \u00e9 o quarto ano consecutivo, em que a Times Comunica\u00e7\u00e3o estar\u00e1 promovendo a premia\u00e7\u00e3o no munic\u00edpio.<\/p>\n<p style=\"text-align: justify;\"><em>Reda\u00e7\u00e3o: Portal Alerta<\/em><\/p>\n","protected":false},"excerpt":{"rendered":"<p>Na pr\u00f3xima sexta-feira, 27, os melhores empres\u00e1rios e profissionais de Ribeira do Pombal-BA, estar\u00e3o reunidos no Espa\u00e7o Vila Miguel, para serem premiados em reconhecimento pelos respectivos servi\u00e7os prestados, tendo como fonte uma pesquisa de opini\u00e3o p\u00fablica realizada pela Times Comunica\u00e7\u00e3o.\u00a0<\/p>\n","protected":false},"author":2,"featured_media":30864,"comment_status":"open","ping_status":"open","sticky":false,"template":"","format":"standard","meta":{"om_disable_all_campaigns":false,"_monsterinsights_skip_tracking":false,"_monsterinsights_sitenote_active":false,"_monsterinsights_sitenote_note":"","_monsterinsights_sitenote_category":0,"footnotes":""},"categories":[70,69,32,3],"tags":[100,71,48,49,75,45,46,2805,129,107,44,132,230,3828,106,203,120,51,1668,1666,109,88,47,111,1664,190],"class_list":["post-30863","post","type-post","status-publish","format-standard","has-post-thumbnail","hentry","category-destaques","category-noticias2","category-regiao","category-ribeira-do-pombal","tag-adustina","tag-antas","tag-araci","tag-banzae","tag-cicero-dantas","tag-cipo","tag-crisopolis","tag-empresas","tag-euclides-da-cunha","tag-fatima","tag-heliopolis","tag-itapicuru","tag-jeremoabo","tag-noticias","tag-nova-soure","tag-novo-triunfo","tag-olindina","tag-paripiranga","tag-premio","tag-profissionais","tag-quijingue","tag-ribeira-do-amparo","tag-ribeira-do-pombal","tag-sitio-do-quinto","tag-times-comunicacao","tag-tucano"],"aioseo_notices":[],"_links":{"self":[{"href":"https:\/\/www.portalalerta.com.br\/index.php\/wp-json\/wp\/v2\/posts\/30863","targetHints":{"allow":["GET"]}}],"collection":[{"href":"https:\/\/www.portalalerta.com.br\/index.php\/wp-json\/wp\/v2\/posts"}],"about":[{"href":"https:\/\/www.portalalerta.com.br\/index.php\/wp-json\/wp\/v2\/types\/post"}],"author":[{"embeddable":true,"href":"https:\/\/www.portalalerta.com.br\/index.php\/wp-json\/wp\/v2\/users\/2"}],"replies":[{"embeddable":true,"href":"https:\/\/www.portalalerta.com.br\/index.php\/wp-json\/wp\/v2\/comments?post=30863"}],"version-history":[{"count":2,"href":"https:\/\/www.portalalerta.com.br\/index.php\/wp-json\/wp\/v2\/posts\/30863\/revisions"}],"predecessor-version":[{"id":30872,"href":"https:\/\/www.portalalerta.com.br\/index.php\/wp-json\/wp\/v2\/posts\/30863\/revisions\/30872"}],"wp:featuredmedia":[{"embeddable":true,"href":"https:\/\/www.portalalerta.com.br\/index.php\/wp-json\/wp\/v2\/media\/30864"}],"wp:attachment":[{"href":"https:\/\/www.portalalerta.com.br\/index.php\/wp-json\/wp\/v2\/media?parent=30863"}],"wp:term":[{"taxonomy":"category","embeddable":true,"href":"https:\/\/www.portalalerta.com.br\/index.php\/wp-json\/wp\/v2\/categories?post=30863"},{"taxonomy":"post_tag","embeddable":true,"href":"https:\/\/www.portalalerta.com.br\/index.php\/wp-json\/wp\/v2\/tags?post=30863"}],"curies":[{"name":"wp","href":"https:\/\/api.w.org\/{rel}","templated":true}]}}