{"id":30880,"date":"2020-11-27T10:33:05","date_gmt":"2020-11-27T13:33:05","guid":{"rendered":"https:\/\/www.portalalerta.com.br\/?p=30880"},"modified":"2020-11-27T10:34:24","modified_gmt":"2020-11-27T13:34:24","slug":"bolsonaro-diz-que-dorme-armado-no-palacio-da-alvorada","status":"publish","type":"post","link":"https:\/\/www.portalalerta.com.br\/index.php\/2020\/11\/27\/bolsonaro-diz-que-dorme-armado-no-palacio-da-alvorada\/","title":{"rendered":"Bolsonaro diz que dorme armado no Pal\u00e1cio da Alvorada"},"content":{"rendered":"<p style=\"text-align: justify;\">O\u00a0presidente Jair Bolsonaro\u00a0afirmou que dorme armado no Pal\u00e1cio da Alvorada, mesmo com a presen\u00e7a de seguran\u00e7as na \u00e1rea. O chefe do Executivo deu a declara\u00e7\u00e3o a um apoiador, na entrada da resid\u00eancia oficial, na quinta-feira (26), ao comentar sobre medidas do governo federal que facilitam o uso de armas pela popula\u00e7\u00e3o brasileira.<!--more--><\/p>\n<p style=\"text-align: justify;\"><img fetchpriority=\"high\" decoding=\"async\" class=\"size-thumbnail wp-image-18400 aligncenter\" src=\"https:\/\/www.portalalerta.com.br\/wp-content\/uploads\/2019\/07\/Real-Estilo-e-Voc\u00ea-633x240.jpeg\" alt=\"\" width=\"633\" height=\"240\" srcset=\"https:\/\/www.portalalerta.com.br\/wp-content\/uploads\/2019\/07\/Real-Estilo-e-Voc\u00ea-633x240.jpeg 633w, https:\/\/www.portalalerta.com.br\/wp-content\/uploads\/2019\/07\/Real-Estilo-e-Voc\u00ea-260x99.jpeg 260w, https:\/\/www.portalalerta.com.br\/wp-content\/uploads\/2019\/07\/Real-Estilo-e-Voc\u00ea-50x19.jpeg 50w, https:\/\/www.portalalerta.com.br\/wp-content\/uploads\/2019\/07\/Real-Estilo-e-Voc\u00ea-150x57.jpeg 150w, https:\/\/www.portalalerta.com.br\/wp-content\/uploads\/2019\/07\/Real-Estilo-e-Voc\u00ea.jpeg 720w\" sizes=\"(max-width: 633px) 100vw, 633px\" \/>&#8220;Fizemos decreto, instru\u00e7\u00e3o normativa. Mas o decreto n\u00e3o pode ir al\u00e9m da lei. Uma arma legal d\u00e1 tranquilidade. Eu mesmo aqui, com seguran\u00e7a, eu durmo armado. Quando n\u00e3o era presidente, tamb\u00e9m dormia armado&#8221;, disse.<\/p>\n<p style=\"text-align: justify;\">O apoiador, ent\u00e3o, relatou ao presidente sua experi\u00eancia ainda quando crian\u00e7a. &#8220;Somos sete irm\u00e3os. Meu pai, atirador tamb\u00e9m, tinha em casa um arm\u00e1rio das armas. Tudo aberto, sem trancas, porque uma vez s\u00f3 ele explicou o perigo daquilo, a import\u00e2ncia daquilo e nunca teve um acidente, nunca teve nada&#8221;.<\/p>\n<p style=\"text-align: justify;\">&#8220;O pessoal fala que mata, (mas) salva vidas. Pessoa armada \u00e9 respeitada&#8221;, acrescentou Bolsonaro.<\/p>\n<p style=\"text-align: justify;\"><em>Fonte: Yahoo Not\u00edcias<\/em><\/p>\n","protected":false},"excerpt":{"rendered":"<p>O\u00a0presidente Jair Bolsonaro\u00a0afirmou que dorme armado no Pal\u00e1cio da Alvorada, mesmo com a presen\u00e7a de seguran\u00e7as na \u00e1rea. O chefe do Executivo deu a declara\u00e7\u00e3o a um apoiador, na entrada da resid\u00eancia oficial, na quinta-feira (26), ao comentar sobre medidas do governo federal que facilitam o uso de armas pela popula\u00e7\u00e3o brasileira.<\/p>\n","protected":false},"author":2,"featured_media":13641,"comment_status":"open","ping_status":"open","sticky":false,"template":"","format":"standard","meta":{"om_disable_all_campaigns":false,"_monsterinsights_skip_tracking":false,"_monsterinsights_sitenote_active":false,"_monsterinsights_sitenote_note":"","_monsterinsights_sitenote_category":0,"footnotes":""},"categories":[34,70,69,21],"tags":[100,71,48,49,93,75,45,46,129,107,44,132,1395,230,3828,106,203,120,51,1152,109,88,47,111,190],"class_list":["post-30880","post","type-post","status-publish","format-standard","has-post-thumbnail","hentry","category-brasil","category-destaques","category-noticias2","category-politica","tag-adustina","tag-antas","tag-araci","tag-banzae","tag-brasil","tag-cicero-dantas","tag-cipo","tag-crisopolis","tag-euclides-da-cunha","tag-fatima","tag-heliopolis","tag-itapicuru","tag-jair-bolsonaro","tag-jeremoabo","tag-noticias","tag-nova-soure","tag-novo-triunfo","tag-olindina","tag-paripiranga","tag-presidente-da-republica","tag-quijingue","tag-ribeira-do-amparo","tag-ribeira-do-pombal","tag-sitio-do-quinto","tag-tucano"],"aioseo_notices":[],"_links":{"self":[{"href":"https:\/\/www.portalalerta.com.br\/index.php\/wp-json\/wp\/v2\/posts\/30880","targetHints":{"allow":["GET"]}}],"collection":[{"href":"https:\/\/www.portalalerta.com.br\/index.php\/wp-json\/wp\/v2\/posts"}],"about":[{"href":"https:\/\/www.portalalerta.com.br\/index.php\/wp-json\/wp\/v2\/types\/post"}],"author":[{"embeddable":true,"href":"https:\/\/www.portalalerta.com.br\/index.php\/wp-json\/wp\/v2\/users\/2"}],"replies":[{"embeddable":true,"href":"https:\/\/www.portalalerta.com.br\/index.php\/wp-json\/wp\/v2\/comments?post=30880"}],"version-history":[{"count":3,"href":"https:\/\/www.portalalerta.com.br\/index.php\/wp-json\/wp\/v2\/posts\/30880\/revisions"}],"predecessor-version":[{"id":30883,"href":"https:\/\/www.portalalerta.com.br\/index.php\/wp-json\/wp\/v2\/posts\/30880\/revisions\/30883"}],"wp:featuredmedia":[{"embeddable":true,"href":"https:\/\/www.portalalerta.com.br\/index.php\/wp-json\/wp\/v2\/media\/13641"}],"wp:attachment":[{"href":"https:\/\/www.portalalerta.com.br\/index.php\/wp-json\/wp\/v2\/media?parent=30880"}],"wp:term":[{"taxonomy":"category","embeddable":true,"href":"https:\/\/www.portalalerta.com.br\/index.php\/wp-json\/wp\/v2\/categories?post=30880"},{"taxonomy":"post_tag","embeddable":true,"href":"https:\/\/www.portalalerta.com.br\/index.php\/wp-json\/wp\/v2\/tags?post=30880"}],"curies":[{"name":"wp","href":"https:\/\/api.w.org\/{rel}","templated":true}]}}