{"id":30884,"date":"2020-11-27T10:39:15","date_gmt":"2020-11-27T13:39:15","guid":{"rendered":"https:\/\/www.portalalerta.com.br\/?p=30884"},"modified":"2020-11-27T10:39:15","modified_gmt":"2020-11-27T13:39:15","slug":"mais-de-1-000-placas-de-transito-fazem-de-ribeirado-pombal-uma-cidade-completamente-sinalizada","status":"publish","type":"post","link":"https:\/\/www.portalalerta.com.br\/index.php\/2020\/11\/27\/mais-de-1-000-placas-de-transito-fazem-de-ribeirado-pombal-uma-cidade-completamente-sinalizada\/","title":{"rendered":"Mais de 1.000 placas de tr\u00e2nsito fazem de Ribeirado Pombal uma cidade completamente sinalizada"},"content":{"rendered":"<p style=\"text-align: justify;\">As informa\u00e7\u00f5es sobre o novo tr\u00e2nsito de Ribeira do Pombal foram apresentadas pelo Secret\u00e1rio de Mobilidade Urbana, Diego Santana, que falou \u00e0 Radio Canabrava na \u00faltima ter\u00e7a-feira, 24. Segundo o Secret\u00e1rio, o munic\u00edpio passa por um processo de moderniza\u00e7\u00e3o j\u00e1 a quatro ano, e agora chega \u00e0s \u00faltimas etapas da sinaliza\u00e7\u00e3o, com as ruas centrais totalmente sinalizadas e prestes a iniciar o funcionamento dos sem\u00e1foros.\u00a0<!--more--><\/p>\n<p style=\"text-align: justify;\">Esse m\u00eas de dezembro, est\u00e3o sendo aplicadas mudan\u00e7as de sentido de algumas ruas, o que precisa de muita aten\u00e7\u00e3o dos motoristas para que o tr\u00e2nsito continuar fluido e funcional<\/p>\n<p style=\"text-align: justify;\"><img fetchpriority=\"high\" decoding=\"async\" class=\"size-thumbnail wp-image-4869 aligncenter\" src=\"https:\/\/www.portalalerta.com.br\/wp-content\/uploads\/2018\/02\/Auto-Escola-Nobre-720x181.jpg\" alt=\"\" width=\"720\" height=\"181\" srcset=\"https:\/\/www.portalalerta.com.br\/wp-content\/uploads\/2018\/02\/Auto-Escola-Nobre.jpg 720w, https:\/\/www.portalalerta.com.br\/wp-content\/uploads\/2018\/02\/Auto-Escola-Nobre-260x65.jpg 260w, https:\/\/www.portalalerta.com.br\/wp-content\/uploads\/2018\/02\/Auto-Escola-Nobre-50x13.jpg 50w, https:\/\/www.portalalerta.com.br\/wp-content\/uploads\/2018\/02\/Auto-Escola-Nobre-150x38.jpg 150w\" sizes=\"(max-width: 720px) 100vw, 720px\" \/>Para Diego, o tr\u00e2nsito \u00e9 formado por etapas, iniciando por um per\u00edodo de educa\u00e7\u00e3o, o qual a cidade vive hoje, mas que em breve haver\u00e1 a \u00faltima fase que \u00e9 a puni\u00e7\u00e3o para os casos de descumprimento das regras.<\/p>\n<h2 style=\"text-align: justify;\"><strong>As ruas que mudam de sentido s\u00e3o as seguintes:<\/strong><\/h2>\n<p style=\"text-align: justify;\">Rua Salustiano Guerra (Hopsital)<br \/>\nTravessa Ev\u00eancia Brito<br \/>\nRua Lauro de Freitas (Lateral da Igreja)<br \/>\nRua Dep. Ant\u00f4nio Brito<br \/>\nRua da Ribeira (trecho)<br \/>\nRua Castro Alves<br \/>\nRua Ev\u00eancia Brito<br \/>\nRua Trecho da Honda<br \/>\nRua Trecho de Mor\u00e3o<br \/>\nRua Manoel Am\u00e9rico Passos,<br \/>\nRua J\u00falio Guerra<br \/>\nRua Engenheiro Osvaldo Brito (Cemit\u00e9rio)<\/p>\n<p style=\"text-align: justify;\"><em>Fonte: SECOM\/ Ribeira do Pombal<\/em><\/p>\n","protected":false},"excerpt":{"rendered":"<p>As informa\u00e7\u00f5es sobre o novo tr\u00e2nsito de Ribeira do Pombal foram apresentadas pelo Secret\u00e1rio de Mobilidade Urbana, Diego Santana, que falou \u00e0 Radio Canabrava na \u00faltima ter\u00e7a-feira, 24. Segundo o Secret\u00e1rio, o munic\u00edpio passa por um processo de moderniza\u00e7\u00e3o j\u00e1 a quatro ano, e agora chega \u00e0s \u00faltimas etapas da sinaliza\u00e7\u00e3o, com as ruas centrais &hellip;<\/p>\n","protected":false},"author":2,"featured_media":30885,"comment_status":"open","ping_status":"open","sticky":false,"template":"","format":"standard","meta":{"om_disable_all_campaigns":false,"_monsterinsights_skip_tracking":false,"_monsterinsights_sitenote_active":false,"_monsterinsights_sitenote_note":"","_monsterinsights_sitenote_category":0,"footnotes":""},"categories":[70,69,32,3],"tags":[100,71,48,49,75,45,46,129,107,44,132,230,2125,3828,106,203,120,51,109,88,47,2598,2782,2254,111,1106,190],"class_list":["post-30884","post","type-post","status-publish","format-standard","has-post-thumbnail","hentry","category-destaques","category-noticias2","category-regiao","category-ribeira-do-pombal","tag-adustina","tag-antas","tag-araci","tag-banzae","tag-cicero-dantas","tag-cipo","tag-crisopolis","tag-euclides-da-cunha","tag-fatima","tag-heliopolis","tag-itapicuru","tag-jeremoabo","tag-mobilidade-urbana","tag-noticias","tag-nova-soure","tag-novo-triunfo","tag-olindina","tag-paripiranga","tag-quijingue","tag-ribeira-do-amparo","tag-ribeira-do-pombal","tag-secretaria-de-transporte-e-mobilidade-urbana","tag-secretario-de-transporte-e-mobilidade-urbana","tag-sinalizacao","tag-sitio-do-quinto","tag-transito","tag-tucano"],"aioseo_notices":[],"_links":{"self":[{"href":"https:\/\/www.portalalerta.com.br\/index.php\/wp-json\/wp\/v2\/posts\/30884","targetHints":{"allow":["GET"]}}],"collection":[{"href":"https:\/\/www.portalalerta.com.br\/index.php\/wp-json\/wp\/v2\/posts"}],"about":[{"href":"https:\/\/www.portalalerta.com.br\/index.php\/wp-json\/wp\/v2\/types\/post"}],"author":[{"embeddable":true,"href":"https:\/\/www.portalalerta.com.br\/index.php\/wp-json\/wp\/v2\/users\/2"}],"replies":[{"embeddable":true,"href":"https:\/\/www.portalalerta.com.br\/index.php\/wp-json\/wp\/v2\/comments?post=30884"}],"version-history":[{"count":1,"href":"https:\/\/www.portalalerta.com.br\/index.php\/wp-json\/wp\/v2\/posts\/30884\/revisions"}],"predecessor-version":[{"id":30886,"href":"https:\/\/www.portalalerta.com.br\/index.php\/wp-json\/wp\/v2\/posts\/30884\/revisions\/30886"}],"wp:featuredmedia":[{"embeddable":true,"href":"https:\/\/www.portalalerta.com.br\/index.php\/wp-json\/wp\/v2\/media\/30885"}],"wp:attachment":[{"href":"https:\/\/www.portalalerta.com.br\/index.php\/wp-json\/wp\/v2\/media?parent=30884"}],"wp:term":[{"taxonomy":"category","embeddable":true,"href":"https:\/\/www.portalalerta.com.br\/index.php\/wp-json\/wp\/v2\/categories?post=30884"},{"taxonomy":"post_tag","embeddable":true,"href":"https:\/\/www.portalalerta.com.br\/index.php\/wp-json\/wp\/v2\/tags?post=30884"}],"curies":[{"name":"wp","href":"https:\/\/api.w.org\/{rel}","templated":true}]}}