{"id":30887,"date":"2020-11-27T15:23:18","date_gmt":"2020-11-27T18:23:18","guid":{"rendered":"https:\/\/www.portalalerta.com.br\/?p=30887"},"modified":"2020-11-27T15:23:18","modified_gmt":"2020-11-27T18:23:18","slug":"principal-cientista-de-projeto-nuclear-iraniano-e-morto","status":"publish","type":"post","link":"https:\/\/www.portalalerta.com.br\/index.php\/2020\/11\/27\/principal-cientista-de-projeto-nuclear-iraniano-e-morto\/","title":{"rendered":"Principal cientista de projeto nuclear iraniano \u00e9 morto"},"content":{"rendered":"<p style=\"text-align: justify;\">O\u00a0principal cientista por tr\u00e1s do projeto nuclear iraniano, Mohsen Fakhrizadeh, foi morto nesta sexta-feira (27) em Damavand, na prov\u00edncia de Teer\u00e3. Segundo o Minist\u00e9rio da Defesa do\u00a0Ir\u00e3, ele estava em um carro quando foi baleado e chegou a ser hospitalizado, mas n\u00e3o resistiu.<!--more--><\/p>\n<p style=\"text-align: justify;\">Testemunhas afirmam ter ouvido o barulho de uma explos\u00e3o e em seguida o som de rajadas de metralhadoras.<\/p>\n<p style=\"text-align: justify;\">O governo iraniano acusa\u00a0Israel\u00a0pelo ataque. Segundo o jornal &#8220;New York Times&#8221;, o\u00a0cientista era um dos maiores alvos da Mossad, o servi\u00e7o de intelig\u00eancia israelense.<\/p>\n<p style=\"text-align: justify;\">O porta-voz do gabinete do primeiro-ministro israelense Benjamin Netanyahu afirmou que ele n\u00e3o comentaria a morte de Fakhrizadeh.<\/p>\n<p style=\"text-align: justify;\">O ministro das Rela\u00e7\u00f5es Exteriores iraniano, Javad Zarif, postou uma mensagem na qual diz que o assassinato foi &#8220;uma covardia&#8221; e um ato terrorista, e diz que h\u00e1 &#8220;s\u00e9rias indica\u00e7\u00f5es do papel israelense&#8221;.<\/p>\n<div data-mvc-banner=\"leaderboard\"><\/div>\n<p><script type=\"text\/javascript\"> (function(storeName) { var b = document.createElement('script'); b.type = 'text\/javascript'; b.async = true; b.src = 'https:\/\/www.magazinevoce.com.br\/js\/banner.js?store='+ storeName; var s = document.getElementsByTagName('script')[0]; s.parentNode.insertBefore(b, s); })('Nvscosta'); <\/script><\/p>\n<p style=\"text-align: justify;\">&#8220;Terroristas assassinaram um eminente cientista iraniano hoje. Esta covardia &#8211; com s\u00e9rias indica\u00e7\u00f5es do papel israelense &#8211; mostra uma guerra desesperada contra os perpetradores. O Ir\u00e3 apela \u00e0 comunidade internacional &#8211; e especialmente \u00e0 UE &#8211; para acabar com seus vergonhosos padr\u00f5es duplos e condenar este ato de terror de Estado&#8221;, escreveu Zarif.<\/p>\n<p style=\"text-align: justify;\"><strong>Armas nucleares<\/strong><\/p>\n<p style=\"text-align: justify;\">Fakhrizadeh era considerado o principal nome dos programas secretos iranianos\u00a0para projetar uma ogiva at\u00f4mica pelos servi\u00e7os de intelig\u00eancia dos EUA e de Israel e trabalhou no programa de armas nucleares do Ir\u00e3 por duas d\u00e9cadas, at\u00e9 que este foi oficialmente interrompido no come\u00e7o dos anos 2000.<\/p>\n<p style=\"text-align: justify;\">H\u00e1 suspeitas, por\u00e9m, de que ele continuou envolvido em planos secretos depois disso.<\/p>\n<p style=\"text-align: justify;\">De acordo com a Associated Press, Fakhrizadeh liderou o chamado programa \u201cAmad\u201d ou \u201cEsperan\u00e7a\u201d do Ir\u00e3. Israel e o Ocidente alegaram que se tratava de uma opera\u00e7\u00e3o militar visando a viabilidade de construir uma arma nuclear no Ir\u00e3. Teer\u00e3 h\u00e1 muito mant\u00e9m que seu programa nuclear \u00e9 pac\u00edfico.<\/p>\n<p style=\"text-align: justify;\">A Ag\u00eancia Internacional de Energia At\u00f4mica diz que o Ir\u00e3 &#8220;realizou atividades relevantes para o desenvolvimento de um dispositivo explosivo nuclear&#8221; em um &#8220;programa estruturado&#8221; at\u00e9 o final de 2003. Esse seria o programa Amad, que incluiu o trabalho em altos explosivos cuidadosamente cronometrados necess\u00e1rios para detonar uma bomba nuclear.<\/p>\n<p style=\"text-align: justify;\"><em>Fonte: G1<\/em><\/p>\n","protected":false},"excerpt":{"rendered":"<p>O\u00a0principal cientista por tr\u00e1s do projeto nuclear iraniano, Mohsen Fakhrizadeh, foi morto nesta sexta-feira (27) em Damavand, na prov\u00edncia de Teer\u00e3. Segundo o Minist\u00e9rio da Defesa do\u00a0Ir\u00e3, ele estava em um carro quando foi baleado e chegou a ser hospitalizado, mas n\u00e3o resistiu.<\/p>\n","protected":false},"author":2,"featured_media":30888,"comment_status":"open","ping_status":"open","sticky":false,"template":"","format":"standard","meta":{"om_disable_all_campaigns":false,"_monsterinsights_skip_tracking":false,"_monsterinsights_sitenote_active":false,"_monsterinsights_sitenote_note":"","_monsterinsights_sitenote_category":0,"footnotes":""},"categories":[70,35,69,22],"tags":[100,71,48,49,75,45,46,129,107,44,206,609,132,230,169,3828,106,203,120,51,109,88,47,111,190],"class_list":["post-30887","post","type-post","status-publish","format-standard","has-post-thumbnail","hentry","category-destaques","category-mundo","category-noticias2","category-seguranca","tag-adustina","tag-antas","tag-araci","tag-banzae","tag-cicero-dantas","tag-cipo","tag-crisopolis","tag-euclides-da-cunha","tag-fatima","tag-heliopolis","tag-homicidio","tag-ira","tag-itapicuru","tag-jeremoabo","tag-morte","tag-noticias","tag-nova-soure","tag-novo-triunfo","tag-olindina","tag-paripiranga","tag-quijingue","tag-ribeira-do-amparo","tag-ribeira-do-pombal","tag-sitio-do-quinto","tag-tucano"],"aioseo_notices":[],"_links":{"self":[{"href":"https:\/\/www.portalalerta.com.br\/index.php\/wp-json\/wp\/v2\/posts\/30887","targetHints":{"allow":["GET"]}}],"collection":[{"href":"https:\/\/www.portalalerta.com.br\/index.php\/wp-json\/wp\/v2\/posts"}],"about":[{"href":"https:\/\/www.portalalerta.com.br\/index.php\/wp-json\/wp\/v2\/types\/post"}],"author":[{"embeddable":true,"href":"https:\/\/www.portalalerta.com.br\/index.php\/wp-json\/wp\/v2\/users\/2"}],"replies":[{"embeddable":true,"href":"https:\/\/www.portalalerta.com.br\/index.php\/wp-json\/wp\/v2\/comments?post=30887"}],"version-history":[{"count":1,"href":"https:\/\/www.portalalerta.com.br\/index.php\/wp-json\/wp\/v2\/posts\/30887\/revisions"}],"predecessor-version":[{"id":30889,"href":"https:\/\/www.portalalerta.com.br\/index.php\/wp-json\/wp\/v2\/posts\/30887\/revisions\/30889"}],"wp:featuredmedia":[{"embeddable":true,"href":"https:\/\/www.portalalerta.com.br\/index.php\/wp-json\/wp\/v2\/media\/30888"}],"wp:attachment":[{"href":"https:\/\/www.portalalerta.com.br\/index.php\/wp-json\/wp\/v2\/media?parent=30887"}],"wp:term":[{"taxonomy":"category","embeddable":true,"href":"https:\/\/www.portalalerta.com.br\/index.php\/wp-json\/wp\/v2\/categories?post=30887"},{"taxonomy":"post_tag","embeddable":true,"href":"https:\/\/www.portalalerta.com.br\/index.php\/wp-json\/wp\/v2\/tags?post=30887"}],"curies":[{"name":"wp","href":"https:\/\/api.w.org\/{rel}","templated":true}]}}