{"id":30890,"date":"2020-11-27T15:36:31","date_gmt":"2020-11-27T18:36:31","guid":{"rendered":"https:\/\/www.portalalerta.com.br\/?p=30890"},"modified":"2020-11-27T15:36:31","modified_gmt":"2020-11-27T18:36:31","slug":"secretaria-de-saude-de-cicero-dantas-emite-nota-de-esclarecimento-sobre-ferias-coletivas-e-servicos-essenciais","status":"publish","type":"post","link":"https:\/\/www.portalalerta.com.br\/index.php\/2020\/11\/27\/secretaria-de-saude-de-cicero-dantas-emite-nota-de-esclarecimento-sobre-ferias-coletivas-e-servicos-essenciais\/","title":{"rendered":"Secretaria de Sa\u00fade de C\u00edcero Dantas emite nota de esclarecimento sobre f\u00e9rias coletivas e servi\u00e7os essenciais"},"content":{"rendered":"<p style=\"text-align: justify;\">A Secretaria Municipal de Sa\u00fade de C\u00edcero Dantas (BA) publicou no Di\u00e1rio Oficial desta quarta-feira (25) uma nota de esclarecimento na qual informa que a concess\u00e3o de f\u00e9rias coletivas entre os dias 14 de dezembro de 2020 e 15 de janeiro de 2021 se restringir\u00e1 apenas aos funcion\u00e1rios de Unidades de Sa\u00fade da Fam\u00edlia (USFs) e que os demais servi\u00e7os essenciais no \u00e2mbito da sa\u00fade p\u00fablica municipal continuar\u00e3o sendo ofertados normalmente.<!--more--><\/p>\n<p style=\"font-style: inherit; font-weight: inherit; text-align: justify;\"><img fetchpriority=\"high\" decoding=\"async\" class=\"size-thumbnail wp-image-9394 alignleft\" src=\"https:\/\/www.portalalerta.com.br\/wp-content\/uploads\/2018\/07\/05elab-320x240.jpg\" alt=\"\" width=\"320\" height=\"240\" srcset=\"https:\/\/www.portalalerta.com.br\/wp-content\/uploads\/2018\/07\/05elab-320x240.jpg 320w, https:\/\/www.portalalerta.com.br\/wp-content\/uploads\/2018\/07\/05elab-195x146.jpg 195w, https:\/\/www.portalalerta.com.br\/wp-content\/uploads\/2018\/07\/05elab-50x38.jpg 50w, https:\/\/www.portalalerta.com.br\/wp-content\/uploads\/2018\/07\/05elab-100x75.jpg 100w, https:\/\/www.portalalerta.com.br\/wp-content\/uploads\/2018\/07\/05elab.jpg 400w\" sizes=\"(max-width: 320px) 100vw, 320px\" \/>O documento assinado pela secret\u00e1ria Paula Lu\u00edsa esclarece que ficar\u00e3o mantidos os servi\u00e7os nas seguintes unidades: Centro de Sa\u00fade (1 \u2013 assist\u00eancia a gestantes \u2013 consulta com m\u00e9dica obstetra, realiza\u00e7\u00e3o de ultrassonografia e pr\u00e9-natal e 2 \u2013 assist\u00eancia \u00e0 sa\u00fade mental \u2013 consulta com psiquiatra); Hospital Lu\u00eds Eduardo Magalh\u00e3es e Ala Covid (24 horas); e na sede da secretaria; al\u00e9m das a\u00e7\u00f5es de fisioterapia e dos agentes de combate a endemias.<\/p>\n<p style=\"font-style: inherit; font-weight: inherit; text-align: justify;\"><strong style=\"font-style: inherit;\">RELEMBRE O CASO<\/strong><\/p>\n<p style=\"font-style: inherit; font-weight: inherit; text-align: justify;\">Em publica\u00e7\u00e3o no Di\u00e1rio Oficial do Munic\u00edpio da \u00faltima sexta-feira (20), a Secretaria de Sa\u00fade concedeu f\u00e9rias coletivas a funcion\u00e1rios que atuam em Postos de Sa\u00fade da Fam\u00edlia (PSFs) e Unidades B\u00e1sicas de Sa\u00fade (UBSs), pelo per\u00edodo de 14 de dezembro de 2020 e 15 de janeiro de 2021.<\/p>\n<p style=\"font-style: inherit; font-weight: inherit; text-align: justify;\">A medida abrange agentes comunit\u00e1rios de sa\u00fade, assistentes e auxiliares administrativos, auxiliares de farm\u00e1cia e de servi\u00e7os gerais, enfermeiros, m\u00e9dicos, motoristas, odont\u00f3logos, porteiros, recepcionistas, t\u00e9cnicos em enfermagem e vigilantes.<\/p>\n<p style=\"font-style: inherit; font-weight: inherit; text-align: justify;\"><em>Fonte: Sert\u00e3o em Pauta<\/em><\/p>\n","protected":false},"excerpt":{"rendered":"<p>A Secretaria Municipal de Sa\u00fade de C\u00edcero Dantas (BA) publicou no Di\u00e1rio Oficial desta quarta-feira (25) uma nota de esclarecimento na qual informa que a concess\u00e3o de f\u00e9rias coletivas entre os dias 14 de dezembro de 2020 e 15 de janeiro de 2021 se restringir\u00e1 apenas aos funcion\u00e1rios de Unidades de Sa\u00fade da Fam\u00edlia (USFs) &hellip;<\/p>\n","protected":false},"author":2,"featured_media":30840,"comment_status":"open","ping_status":"open","sticky":false,"template":"","format":"standard","meta":{"om_disable_all_campaigns":false,"_monsterinsights_skip_tracking":false,"_monsterinsights_sitenote_active":false,"_monsterinsights_sitenote_note":"","_monsterinsights_sitenote_category":0,"footnotes":""},"categories":[4,70,69,32,19],"tags":[100,71,48,49,75,45,46,129,107,1806,44,132,230,3828,106,203,120,51,109,88,47,61,433,111,190],"class_list":["post-30890","post","type-post","status-publish","format-standard","has-post-thumbnail","hentry","category-cicero-dantas","category-destaques","category-noticias2","category-regiao","category-saude","tag-adustina","tag-antas","tag-araci","tag-banzae","tag-cicero-dantas","tag-cipo","tag-crisopolis","tag-euclides-da-cunha","tag-fatima","tag-ferias","tag-heliopolis","tag-itapicuru","tag-jeremoabo","tag-noticias","tag-nova-soure","tag-novo-triunfo","tag-olindina","tag-paripiranga","tag-quijingue","tag-ribeira-do-amparo","tag-ribeira-do-pombal","tag-saude","tag-secretaria-de-saude","tag-sitio-do-quinto","tag-tucano"],"aioseo_notices":[],"_links":{"self":[{"href":"https:\/\/www.portalalerta.com.br\/index.php\/wp-json\/wp\/v2\/posts\/30890","targetHints":{"allow":["GET"]}}],"collection":[{"href":"https:\/\/www.portalalerta.com.br\/index.php\/wp-json\/wp\/v2\/posts"}],"about":[{"href":"https:\/\/www.portalalerta.com.br\/index.php\/wp-json\/wp\/v2\/types\/post"}],"author":[{"embeddable":true,"href":"https:\/\/www.portalalerta.com.br\/index.php\/wp-json\/wp\/v2\/users\/2"}],"replies":[{"embeddable":true,"href":"https:\/\/www.portalalerta.com.br\/index.php\/wp-json\/wp\/v2\/comments?post=30890"}],"version-history":[{"count":1,"href":"https:\/\/www.portalalerta.com.br\/index.php\/wp-json\/wp\/v2\/posts\/30890\/revisions"}],"predecessor-version":[{"id":30891,"href":"https:\/\/www.portalalerta.com.br\/index.php\/wp-json\/wp\/v2\/posts\/30890\/revisions\/30891"}],"wp:featuredmedia":[{"embeddable":true,"href":"https:\/\/www.portalalerta.com.br\/index.php\/wp-json\/wp\/v2\/media\/30840"}],"wp:attachment":[{"href":"https:\/\/www.portalalerta.com.br\/index.php\/wp-json\/wp\/v2\/media?parent=30890"}],"wp:term":[{"taxonomy":"category","embeddable":true,"href":"https:\/\/www.portalalerta.com.br\/index.php\/wp-json\/wp\/v2\/categories?post=30890"},{"taxonomy":"post_tag","embeddable":true,"href":"https:\/\/www.portalalerta.com.br\/index.php\/wp-json\/wp\/v2\/tags?post=30890"}],"curies":[{"name":"wp","href":"https:\/\/api.w.org\/{rel}","templated":true}]}}