{"id":30892,"date":"2020-11-27T15:48:49","date_gmt":"2020-11-27T18:48:49","guid":{"rendered":"https:\/\/www.portalalerta.com.br\/?p=30892"},"modified":"2020-11-27T15:48:49","modified_gmt":"2020-11-27T18:48:49","slug":"neto-confirma-suspensao-do-carnaval-em-fevereiro-e-poe-em-duvida-realizacao-em-2021-em-salvador-ba","status":"publish","type":"post","link":"https:\/\/www.portalalerta.com.br\/index.php\/2020\/11\/27\/neto-confirma-suspensao-do-carnaval-em-fevereiro-e-poe-em-duvida-realizacao-em-2021-em-salvador-ba\/","title":{"rendered":"Neto confirma suspens\u00e3o do Carnaval em fevereiro e p\u00f5e em d\u00favida realiza\u00e7\u00e3o em 2021, em Salvador-BA"},"content":{"rendered":"<p style=\"text-align: justify;\">Em decis\u00e3o j\u00e1 esperada, o prefeito de Salvador, ACM Neto (DEM), confirmou nesta sexta-feira (27) que o Carnaval na capital baiana n\u00e3o vai acontecer em fevereiro. \u201cNeste momento est\u00e1 suspenso\u201d, anunciou em entrevista coletiva na Pra\u00e7a Municipal.\u00a0<!--more--><\/p>\n<p style=\"text-align: justify;\">O prefeito ainda disse que a realiza\u00e7\u00e3o da folia em outro momento do pr\u00f3ximo ano est\u00e1 condicionada a exist\u00eancia de uma vacina contra a Covid-19.<\/p>\n<p style=\"text-align: justify;\">\u201cPode acontecer em outro momento? Tudo vai depender de ter ou n\u00e3o vacina acess\u00edvel a todos no Brasil. N\u00e3o h\u00e1 prazo neste momento \u00a0estabelecido. Caso exista vacina, os prefeitos das maiores cidades se unem para, juntamente, decidir um eventual calend\u00e1rio e possibilidade de realiza\u00e7\u00e3o em outro momento. Agora nem eu, Bruno, nem ningu\u00e9m pode estabelecer uma data\u201d, enfatizou.<\/p>\n<p><img fetchpriority=\"high\" decoding=\"async\" class=\"size-thumbnail wp-image-4869 aligncenter\" src=\"https:\/\/www.portalalerta.com.br\/wp-content\/uploads\/2018\/02\/Auto-Escola-Nobre-720x181.jpg\" alt=\"\" width=\"720\" height=\"181\" srcset=\"https:\/\/www.portalalerta.com.br\/wp-content\/uploads\/2018\/02\/Auto-Escola-Nobre.jpg 720w, https:\/\/www.portalalerta.com.br\/wp-content\/uploads\/2018\/02\/Auto-Escola-Nobre-260x65.jpg 260w, https:\/\/www.portalalerta.com.br\/wp-content\/uploads\/2018\/02\/Auto-Escola-Nobre-50x13.jpg 50w, https:\/\/www.portalalerta.com.br\/wp-content\/uploads\/2018\/02\/Auto-Escola-Nobre-150x38.jpg 150w\" sizes=\"(max-width: 720px) 100vw, 720px\" \/>Neto vinha conversando com prefeitos de outras capitais sobre a possibilidade de realizar a folia no segundo semestre do pr\u00f3ximo ano, sendo julho o m\u00eas mais prov\u00e1vel. Entretanto, o gestor ponderou ser irrespons\u00e1vel fixar alguma data.<\/p>\n<p style=\"text-align: justify;\">Prefeito eleito, Bruno Reis (DEM) se comprometeu a, havendo vacina acess\u00edvel em 2021, retomar as articula\u00e7\u00f5es pela realiza\u00e7\u00e3o do Carnaval em outro m\u00eas. \u201cTendo a vacina, eu farei as articula\u00e7\u00f5es, seja com o Congresso Nacional para, quando poss\u00edvel, estabelecer uma data nacional para o Carnaval, seja com os prefeitos de outras capitais para, se poss\u00edvel, fazermos um momento \u00fanico de Carnaval em todo o Brasil\u201d, disse.<\/p>\n<p style=\"text-align: justify;\"><em>Fonte: Bahia Not\u00edcias<\/em><\/p>\n","protected":false},"excerpt":{"rendered":"<p>Em decis\u00e3o j\u00e1 esperada, o prefeito de Salvador, ACM Neto (DEM), confirmou nesta sexta-feira (27) que o Carnaval na capital baiana n\u00e3o vai acontecer em fevereiro. \u201cNeste momento est\u00e1 suspenso\u201d, anunciou em entrevista coletiva na Pra\u00e7a Municipal.\u00a0<\/p>\n","protected":false},"author":2,"featured_media":4636,"comment_status":"open","ping_status":"open","sticky":false,"template":"","format":"standard","meta":{"om_disable_all_campaigns":false,"_monsterinsights_skip_tracking":false,"_monsterinsights_sitenote_active":false,"_monsterinsights_sitenote_note":"","_monsterinsights_sitenote_category":0,"footnotes":""},"categories":[70,36,69,19],"tags":[3615,722,100,71,48,54,49,448,75,45,46,129,107,44,132,230,3828,106,203,120,51,109,88,47,330,111,190],"class_list":["post-30892","post","type-post","status-publish","format-standard","has-post-thumbnail","hentry","category-destaques","category-lazer","category-noticias2","category-saude","tag-3615","tag-acm-neto","tag-adustina","tag-antas","tag-araci","tag-bahia","tag-banzae","tag-carnaval","tag-cicero-dantas","tag-cipo","tag-crisopolis","tag-euclides-da-cunha","tag-fatima","tag-heliopolis","tag-itapicuru","tag-jeremoabo","tag-noticias","tag-nova-soure","tag-novo-triunfo","tag-olindina","tag-paripiranga","tag-quijingue","tag-ribeira-do-amparo","tag-ribeira-do-pombal","tag-salvador","tag-sitio-do-quinto","tag-tucano"],"aioseo_notices":[],"_links":{"self":[{"href":"https:\/\/www.portalalerta.com.br\/index.php\/wp-json\/wp\/v2\/posts\/30892","targetHints":{"allow":["GET"]}}],"collection":[{"href":"https:\/\/www.portalalerta.com.br\/index.php\/wp-json\/wp\/v2\/posts"}],"about":[{"href":"https:\/\/www.portalalerta.com.br\/index.php\/wp-json\/wp\/v2\/types\/post"}],"author":[{"embeddable":true,"href":"https:\/\/www.portalalerta.com.br\/index.php\/wp-json\/wp\/v2\/users\/2"}],"replies":[{"embeddable":true,"href":"https:\/\/www.portalalerta.com.br\/index.php\/wp-json\/wp\/v2\/comments?post=30892"}],"version-history":[{"count":1,"href":"https:\/\/www.portalalerta.com.br\/index.php\/wp-json\/wp\/v2\/posts\/30892\/revisions"}],"predecessor-version":[{"id":30893,"href":"https:\/\/www.portalalerta.com.br\/index.php\/wp-json\/wp\/v2\/posts\/30892\/revisions\/30893"}],"wp:featuredmedia":[{"embeddable":true,"href":"https:\/\/www.portalalerta.com.br\/index.php\/wp-json\/wp\/v2\/media\/4636"}],"wp:attachment":[{"href":"https:\/\/www.portalalerta.com.br\/index.php\/wp-json\/wp\/v2\/media?parent=30892"}],"wp:term":[{"taxonomy":"category","embeddable":true,"href":"https:\/\/www.portalalerta.com.br\/index.php\/wp-json\/wp\/v2\/categories?post=30892"},{"taxonomy":"post_tag","embeddable":true,"href":"https:\/\/www.portalalerta.com.br\/index.php\/wp-json\/wp\/v2\/tags?post=30892"}],"curies":[{"name":"wp","href":"https:\/\/api.w.org\/{rel}","templated":true}]}}