{"id":31016,"date":"2020-12-01T22:52:01","date_gmt":"2020-12-02T01:52:01","guid":{"rendered":"https:\/\/www.portalalerta.com.br\/?p=31016"},"modified":"2020-12-01T22:52:01","modified_gmt":"2020-12-02T01:52:01","slug":"wagner-defende-renovacao-no-pt-e-alfineta-lula-nao-vou-ficar-refem-dele","status":"publish","type":"post","link":"https:\/\/www.portalalerta.com.br\/index.php\/2020\/12\/01\/wagner-defende-renovacao-no-pt-e-alfineta-lula-nao-vou-ficar-refem-dele\/","title":{"rendered":"Wagner defende renova\u00e7\u00e3o no PT e alfineta Lula: &#8216;N\u00e3o vou ficar ref\u00e9m dele&#8217;"},"content":{"rendered":"<p style=\"text-align: justify;\">O senador Jaques Wagner (PT-BA) avaliou o surgimento de novos nomes do campo da esquerda ap\u00f3s as elei\u00e7\u00f5es 2020. Ele citou nomes como os de Guilherme Boulos (PSOL-SP), Manuela D&#8217;\u00c1vila (PCdoB-RS), Mar\u00edlia Arraes (PT-PE) e Jo\u00e3o Campos (PSB-PE) como futuros protagonistas no campo pol\u00edtico. Em entrevista a M\u00e1rio Kert\u00e9sz hoje (30), durante o Jornal da Bahia no Ar da\u00a0<strong>R\u00e1dio Metr\u00f3pole<\/strong>, o petista alfinetou o ex-presidente Luiz In\u00e1cio Lula da Silva ao defender a renova\u00e7\u00e3o de quadros pol\u00edticos.<!--more--><\/p>\n<p style=\"text-align: justify;\"><img fetchpriority=\"high\" decoding=\"async\" class=\"size-thumbnail wp-image-18400 aligncenter\" src=\"https:\/\/www.portalalerta.com.br\/wp-content\/uploads\/2019\/07\/Real-Estilo-e-Voc\u00ea-633x240.jpeg\" alt=\"\" width=\"633\" height=\"240\" srcset=\"https:\/\/www.portalalerta.com.br\/wp-content\/uploads\/2019\/07\/Real-Estilo-e-Voc\u00ea-633x240.jpeg 633w, https:\/\/www.portalalerta.com.br\/wp-content\/uploads\/2019\/07\/Real-Estilo-e-Voc\u00ea-260x99.jpeg 260w, https:\/\/www.portalalerta.com.br\/wp-content\/uploads\/2019\/07\/Real-Estilo-e-Voc\u00ea-50x19.jpeg 50w, https:\/\/www.portalalerta.com.br\/wp-content\/uploads\/2019\/07\/Real-Estilo-e-Voc\u00ea-150x57.jpeg 150w, https:\/\/www.portalalerta.com.br\/wp-content\/uploads\/2019\/07\/Real-Estilo-e-Voc\u00ea.jpeg 720w\" sizes=\"(max-width: 633px) 100vw, 633px\" \/>&#8220;Parab\u00e9ns \u00e0 democracia. Quem ganhou, parab\u00e9ns. Quem perdeu, que se prepare para a pr\u00f3xima. S\u00f3 para fechar, n\u00e3o acho, de longe, que teve algum enterro. \u00c9 evidente que o tempo vai passando e vai se sentindo. O surgimento do Boulos \u00e9 altamente alvissareira, ou da Manuela ou da Mar\u00edlia, al\u00e9m do Jo\u00e3o em Pernambuco. S\u00e3o pessoas jovens que est\u00e3o come\u00e7ando a ter reconhecimento p\u00fablico. Acho \u00f3timo, a gente n\u00e3o pode ficar ref\u00e9m. Sou amigo irm\u00e3o do Lula, mas vou ficar ref\u00e9m dele a vida inteira? N\u00e3o tem sentido. \u00c9 minha opini\u00e3o sincera, parab\u00e9ns aos jovens que participaram e ganharam&#8221;, disse Wagner.<\/p>\n<p style=\"text-align: justify;\">Questionado por MK sobre o resultado das urnas ser uma poss\u00edvel vit\u00f3ria de ACM Neto (DEM), Wagner minimizou. &#8220;No caso dele, ele manteve a oposi\u00e7\u00e3o que ele tinha. Ele n\u00e3o perdeu. Eu iria ganhar, porque n\u00e3o tinha Feira e Vit\u00f3ria da Conquista. N\u00e3o estou diminuindo a vit\u00f3ria. Ganhou? Parab\u00e9ns, bato palmas e parab\u00e9ns aos meus que disputaram bonito. Acabou. Agora, estou dizendo o seguinte: a fotografia de 2020 \u00e9 igual a de 2016. Ent\u00e3o, ele n\u00e3o cresceu. Ele ficou onde ele estava. Tudo bem, parab\u00e9ns, Deus aben\u00e7oe e vamos continuar caminhando. Estou s\u00f3 dizendo que 2016 aconteceu isso e em 2018 Rui ganhou e fizemos dois senadores. N\u00e3o estou dizendo que vai acontecer igual em 2022. Mas acho precipitado ficar querendo projetar&#8221;, declarou.<\/p>\n<p style=\"text-align: justify;\"><em>Fonte: Metro1<\/em><\/p>\n","protected":false},"excerpt":{"rendered":"<p>O senador Jaques Wagner (PT-BA) avaliou o surgimento de novos nomes do campo da esquerda ap\u00f3s as elei\u00e7\u00f5es 2020. Ele citou nomes como os de Guilherme Boulos (PSOL-SP), Manuela D&#8217;\u00c1vila (PCdoB-RS), Mar\u00edlia Arraes (PT-PE) e Jo\u00e3o Campos (PSB-PE) como futuros protagonistas no campo pol\u00edtico. Em entrevista a M\u00e1rio Kert\u00e9sz hoje (30), durante o Jornal da &hellip;<\/p>\n","protected":false},"author":2,"featured_media":5039,"comment_status":"open","ping_status":"open","sticky":false,"template":"","format":"standard","meta":{"om_disable_all_campaigns":false,"_monsterinsights_skip_tracking":false,"_monsterinsights_sitenote_active":false,"_monsterinsights_sitenote_note":"","_monsterinsights_sitenote_category":0,"footnotes":""},"categories":[33,34,70,69,21],"tags":[100,71,48,49,75,45,46,381,129,107,44,132,614,230,303,3828,106,203,120,51,304,109,88,47,233,111,190],"class_list":["post-31016","post","type-post","status-publish","format-standard","has-post-thumbnail","hentry","category-bahia","category-brasil","category-destaques","category-noticias2","category-politica","tag-adustina","tag-antas","tag-araci","tag-banzae","tag-cicero-dantas","tag-cipo","tag-crisopolis","tag-eleicoes","tag-euclides-da-cunha","tag-fatima","tag-heliopolis","tag-itapicuru","tag-jaques-wagner","tag-jeremoabo","tag-lula","tag-noticias","tag-nova-soure","tag-novo-triunfo","tag-olindina","tag-paripiranga","tag-pt","tag-quijingue","tag-ribeira-do-amparo","tag-ribeira-do-pombal","tag-senador","tag-sitio-do-quinto","tag-tucano"],"aioseo_notices":[],"_links":{"self":[{"href":"https:\/\/www.portalalerta.com.br\/index.php\/wp-json\/wp\/v2\/posts\/31016","targetHints":{"allow":["GET"]}}],"collection":[{"href":"https:\/\/www.portalalerta.com.br\/index.php\/wp-json\/wp\/v2\/posts"}],"about":[{"href":"https:\/\/www.portalalerta.com.br\/index.php\/wp-json\/wp\/v2\/types\/post"}],"author":[{"embeddable":true,"href":"https:\/\/www.portalalerta.com.br\/index.php\/wp-json\/wp\/v2\/users\/2"}],"replies":[{"embeddable":true,"href":"https:\/\/www.portalalerta.com.br\/index.php\/wp-json\/wp\/v2\/comments?post=31016"}],"version-history":[{"count":1,"href":"https:\/\/www.portalalerta.com.br\/index.php\/wp-json\/wp\/v2\/posts\/31016\/revisions"}],"predecessor-version":[{"id":31017,"href":"https:\/\/www.portalalerta.com.br\/index.php\/wp-json\/wp\/v2\/posts\/31016\/revisions\/31017"}],"wp:featuredmedia":[{"embeddable":true,"href":"https:\/\/www.portalalerta.com.br\/index.php\/wp-json\/wp\/v2\/media\/5039"}],"wp:attachment":[{"href":"https:\/\/www.portalalerta.com.br\/index.php\/wp-json\/wp\/v2\/media?parent=31016"}],"wp:term":[{"taxonomy":"category","embeddable":true,"href":"https:\/\/www.portalalerta.com.br\/index.php\/wp-json\/wp\/v2\/categories?post=31016"},{"taxonomy":"post_tag","embeddable":true,"href":"https:\/\/www.portalalerta.com.br\/index.php\/wp-json\/wp\/v2\/tags?post=31016"}],"curies":[{"name":"wp","href":"https:\/\/api.w.org\/{rel}","templated":true}]}}