{"id":31020,"date":"2020-12-03T10:46:55","date_gmt":"2020-12-03T13:46:55","guid":{"rendered":"https:\/\/www.portalalerta.com.br\/?p=31020"},"modified":"2020-12-03T10:46:55","modified_gmt":"2020-12-03T13:46:55","slug":"primeira-vacina-do-reino-unido-pfizer-tentou-negociar-com-governo-bolsonaro-que-ignorou","status":"publish","type":"post","link":"https:\/\/www.portalalerta.com.br\/index.php\/2020\/12\/03\/primeira-vacina-do-reino-unido-pfizer-tentou-negociar-com-governo-bolsonaro-que-ignorou\/","title":{"rendered":"Primeira vacina do Reino Unido, Pfizer tentou negociar com governo Bolsonaro, que ignorou"},"content":{"rendered":"<p style=\"text-align: justify;\">A\u00a0vacina da Pfizer, que deve come\u00e7ar a ser aplicada no Reino Unido a partir da pr\u00f3xima semana, j\u00e1 esteve pr\u00f3xima de chegar ao Brasil. Em outubro, em entrevista \u00e0 revista Veja, representantes da empresa relataram que tentaram negociar com o governo de Jair Bolsonaro (sem partido) e fizeram uma proposta, mas n\u00e3o receberam resposta.<!--more--><\/p>\n<p style=\"text-align: justify;\">O CEO da Pfizer no Brasil, Carlos Murillo, revelou que as negocia\u00e7\u00f5es come\u00e7aram em agosto. Foram feitas reuni\u00f5es com membros do governo federal e com pessoas do minist\u00e9rio da Sa\u00fade e da Economia.<\/p>\n<p style=\"text-align: justify;\">\u201cA Pfizer fez uma proposta formal de fornecimento da vacina ao Brasil, sujeita \u00e0 aprova\u00e7\u00e3o regulat\u00f3ria, claro. Essa proposta permitiria vacinar milh\u00f5es de brasileiros e especificava um prazo para o governo nos responder. Mas n\u00f3s nunca recebemos uma resposta formal do governo brasileiro, nem pelo sim nem pelo n\u00e3o\u201d, relatou.<\/p>\n<p style=\"text-align: justify;\"><img fetchpriority=\"high\" decoding=\"async\" class=\"size-thumbnail wp-image-9394 alignleft\" src=\"https:\/\/www.portalalerta.com.br\/wp-content\/uploads\/2018\/07\/05elab-320x240.jpg\" alt=\"\" width=\"320\" height=\"240\" srcset=\"https:\/\/www.portalalerta.com.br\/wp-content\/uploads\/2018\/07\/05elab-320x240.jpg 320w, https:\/\/www.portalalerta.com.br\/wp-content\/uploads\/2018\/07\/05elab-195x146.jpg 195w, https:\/\/www.portalalerta.com.br\/wp-content\/uploads\/2018\/07\/05elab-50x38.jpg 50w, https:\/\/www.portalalerta.com.br\/wp-content\/uploads\/2018\/07\/05elab-100x75.jpg 100w, https:\/\/www.portalalerta.com.br\/wp-content\/uploads\/2018\/07\/05elab.jpg 400w\" sizes=\"(max-width: 320px) 100vw, 320px\" \/>No Brasil, 3.100 pessoas participaram dos testes da fase tr\u00eas da vacina, que agora come\u00e7ar\u00e1 a ser usada no Reino Unido. Em outubro, Murillo disse que as doses envolvidas na proposta feita ao Brasil ficam reservadas durante um prazo determinado. Se ap\u00f3s o per\u00edodo n\u00e3o houve retorno, o mais prov\u00e1vel \u00e9 que as doses sejam distribu\u00eddas para outros pa\u00edses.<\/p>\n<p style=\"text-align: justify;\">\u201cUma das coisas que sabemos, pela quantidade que n\u00f3s conseguimos produzir, e tamb\u00e9m as outras empresas, \u00e9 que, sobretudo nesta primeira etapa, n\u00e3o vai ter vacina suficiente para o mundo todo. Ent\u00e3o essas negocia\u00e7\u00f5es de compra avan\u00e7ada permitem seguir de maneira mais justa. Trabalhamos com diferentes governos para entender quais seriam os primeiros a receber a vacina e alocar o quantitativo necess\u00e1rio nos diferentes pa\u00edses. \u00c9 assim que a companhia j\u00e1 assinou acordos com os Estados Unidos, Jap\u00e3o, Canad\u00e1, pa\u00edses da comunidade Europeia, Chile, Peru, Costa Rica, entre outros\u201d, explicou \u00e0 Veja.<\/p>\n<p style=\"text-align: justify;\">Na \u00faltima ter\u00e7a-feira, 2, o secret\u00e1rio de Vigil\u00e2ncia em Sa\u00fade do minist\u00e9rio da Sa\u00fade, Arnaldo Medeiros, afirmou que a prioridade do Brasil \u00e9 que a vacina seja\u00a0\u201ctermoest\u00e1vel por longos per\u00edodos, em temperaturas de 2 a 8 graus\u201d, por causa da rede de frios que h\u00e1 existe no pa\u00eds. Ele ainda falou da prefer\u00eancia por uma imuniza\u00e7\u00e3o de dose \u00fanica.<\/p>\n<p style=\"text-align: justify;\">A vacina desenvolvida pela Pfizer precisa ser armazenada em uma temperatura de 75 graus negativos e tem duas doses. A \u00fanica imuniza\u00e7\u00e3o com dose \u00fanica \u00e9 a que est\u00e1 sendo desenvolvida pela Johnson &amp; Johnson.<\/p>\n<p style=\"text-align: justify;\">Mesmo sem nenhuma vacina registrada na Anvisa, o minist\u00e9rio da Sa\u00fade ainda anunciou que pretende come\u00e7ar a imuniza\u00e7\u00e3o contra a\u00a0Covid-19\u00a0em mar\u00e7o. O\u00a0plano de vacina\u00e7\u00e3o tem quatro fases\u00a0e pretende imunizar 109,5 milh\u00f5es de brasileiros. Na primeira fase, a prioridade \u00e9 vacinar pessoas com mais de 75 anos, profissionais da sa\u00fade, popula\u00e7\u00e3o ind\u00edgena e residentes de asilos e institui\u00e7\u00f5es de longa perman\u00eancia acima de 60 anos.<\/p>\n<p style=\"text-align: justify;\"><em>Fonte: Yahoo Not\u00edcias<\/em><\/p>\n","protected":false},"excerpt":{"rendered":"<p>A\u00a0vacina da Pfizer, que deve come\u00e7ar a ser aplicada no Reino Unido a partir da pr\u00f3xima semana, j\u00e1 esteve pr\u00f3xima de chegar ao Brasil. Em outubro, em entrevista \u00e0 revista Veja, representantes da empresa relataram que tentaram negociar com o governo de Jair Bolsonaro (sem partido) e fizeram uma proposta, mas n\u00e3o receberam resposta.<\/p>\n","protected":false},"author":2,"featured_media":30722,"comment_status":"open","ping_status":"open","sticky":false,"template":"","format":"standard","meta":{"om_disable_all_campaigns":false,"_monsterinsights_skip_tracking":false,"_monsterinsights_sitenote_active":false,"_monsterinsights_sitenote_note":"","_monsterinsights_sitenote_category":0,"footnotes":""},"categories":[34,70,35,69,19],"tags":[100,71,48,49,93,75,45,3429,3486,46,129,107,44,132,230,3828,106,203,120,51,4002,109,2085,88,47,61,111,190,3570],"class_list":["post-31020","post","type-post","status-publish","format-standard","has-post-thumbnail","hentry","category-brasil","category-destaques","category-mundo","category-noticias2","category-saude","tag-adustina","tag-antas","tag-araci","tag-banzae","tag-brasil","tag-cicero-dantas","tag-cipo","tag-coronavirus","tag-covid-19","tag-crisopolis","tag-euclides-da-cunha","tag-fatima","tag-heliopolis","tag-itapicuru","tag-jeremoabo","tag-noticias","tag-nova-soure","tag-novo-triunfo","tag-olindina","tag-paripiranga","tag-pfizer","tag-quijingue","tag-reino-unido","tag-ribeira-do-amparo","tag-ribeira-do-pombal","tag-saude","tag-sitio-do-quinto","tag-tucano","tag-vacina"],"aioseo_notices":[],"_links":{"self":[{"href":"https:\/\/www.portalalerta.com.br\/index.php\/wp-json\/wp\/v2\/posts\/31020","targetHints":{"allow":["GET"]}}],"collection":[{"href":"https:\/\/www.portalalerta.com.br\/index.php\/wp-json\/wp\/v2\/posts"}],"about":[{"href":"https:\/\/www.portalalerta.com.br\/index.php\/wp-json\/wp\/v2\/types\/post"}],"author":[{"embeddable":true,"href":"https:\/\/www.portalalerta.com.br\/index.php\/wp-json\/wp\/v2\/users\/2"}],"replies":[{"embeddable":true,"href":"https:\/\/www.portalalerta.com.br\/index.php\/wp-json\/wp\/v2\/comments?post=31020"}],"version-history":[{"count":1,"href":"https:\/\/www.portalalerta.com.br\/index.php\/wp-json\/wp\/v2\/posts\/31020\/revisions"}],"predecessor-version":[{"id":31021,"href":"https:\/\/www.portalalerta.com.br\/index.php\/wp-json\/wp\/v2\/posts\/31020\/revisions\/31021"}],"wp:featuredmedia":[{"embeddable":true,"href":"https:\/\/www.portalalerta.com.br\/index.php\/wp-json\/wp\/v2\/media\/30722"}],"wp:attachment":[{"href":"https:\/\/www.portalalerta.com.br\/index.php\/wp-json\/wp\/v2\/media?parent=31020"}],"wp:term":[{"taxonomy":"category","embeddable":true,"href":"https:\/\/www.portalalerta.com.br\/index.php\/wp-json\/wp\/v2\/categories?post=31020"},{"taxonomy":"post_tag","embeddable":true,"href":"https:\/\/www.portalalerta.com.br\/index.php\/wp-json\/wp\/v2\/tags?post=31020"}],"curies":[{"name":"wp","href":"https:\/\/api.w.org\/{rel}","templated":true}]}}