{"id":31022,"date":"2020-12-03T10:55:05","date_gmt":"2020-12-03T13:55:05","guid":{"rendered":"https:\/\/www.portalalerta.com.br\/?p=31022"},"modified":"2020-12-03T10:55:05","modified_gmt":"2020-12-03T13:55:05","slug":"dados-de-mais-de-200-milhoes-de-brasileiros-sao-expostos-por-falha-do-ministerio-da-saude","status":"publish","type":"post","link":"https:\/\/www.portalalerta.com.br\/index.php\/2020\/12\/03\/dados-de-mais-de-200-milhoes-de-brasileiros-sao-expostos-por-falha-do-ministerio-da-saude\/","title":{"rendered":"Dados de mais de 200 milh\u00f5es de brasileiros s\u00e3o expostos por falha do Minist\u00e9rio da Sa\u00fade"},"content":{"rendered":"<p style=\"text-align: justify;\">Uma falha de seguran\u00e7a de notifica\u00e7\u00f5es da Covid-19 do Minist\u00e9rio da Sa\u00fade exp\u00f4s, por no m\u00ednimo seis meses, dados pessoais de mais de 200 milh\u00f5es de brasileiros. As informa\u00e7\u00f5es de todos os indiv\u00edduos cadastrados no SUS ou benefici\u00e1rios de um plano de sa\u00fade ficaram abertas para consulta.<!--more--><\/p>\n<p style=\"text-align: justify;\"><img fetchpriority=\"high\" decoding=\"async\" class=\"size-thumbnail wp-image-4869 aligncenter\" src=\"https:\/\/www.portalalerta.com.br\/wp-content\/uploads\/2018\/02\/Auto-Escola-Nobre-720x181.jpg\" alt=\"\" width=\"720\" height=\"181\" srcset=\"https:\/\/www.portalalerta.com.br\/wp-content\/uploads\/2018\/02\/Auto-Escola-Nobre.jpg 720w, https:\/\/www.portalalerta.com.br\/wp-content\/uploads\/2018\/02\/Auto-Escola-Nobre-260x65.jpg 260w, https:\/\/www.portalalerta.com.br\/wp-content\/uploads\/2018\/02\/Auto-Escola-Nobre-50x13.jpg 50w, https:\/\/www.portalalerta.com.br\/wp-content\/uploads\/2018\/02\/Auto-Escola-Nobre-150x38.jpg 150w\" sizes=\"(max-width: 720px) 100vw, 720px\" \/>Segundo investiga\u00e7\u00e3o feita pelo Estad\u00e3o, foram expostos cerca de 243 milh\u00f5es de registros de pacientes, com informa\u00e7\u00f5es como n\u00famero do CPF, nome completo, endere\u00e7o e telefone. O total de registros inclui informa\u00e7\u00f5es de pessoas que j\u00e1 morreram, por isso \u00e9 maior que o n\u00famero de habitantes no pa\u00eds (210 milh\u00f5es).<\/p>\n<p style=\"text-align: justify;\">O presidente da Rep\u00fablica Jair Bolsonaro, o deputado Federal Rodrigo Maia, o senador Davi Acolumbre e o presidente do Supremo Tribunal Federal, ministro Luiz Fux, foram algumas das pessoas que tiveram a privacidade violada.<\/p>\n<p style=\"text-align: justify;\"><em>Fonte: Metro1<\/em><\/p>\n","protected":false},"excerpt":{"rendered":"<p>Uma falha de seguran\u00e7a de notifica\u00e7\u00f5es da Covid-19 do Minist\u00e9rio da Sa\u00fade exp\u00f4s, por no m\u00ednimo seis meses, dados pessoais de mais de 200 milh\u00f5es de brasileiros. As informa\u00e7\u00f5es de todos os indiv\u00edduos cadastrados no SUS ou benefici\u00e1rios de um plano de sa\u00fade ficaram abertas para consulta.<\/p>\n","protected":false},"author":2,"featured_media":30687,"comment_status":"open","ping_status":"open","sticky":false,"template":"","format":"standard","meta":{"om_disable_all_campaigns":false,"_monsterinsights_skip_tracking":false,"_monsterinsights_sitenote_active":false,"_monsterinsights_sitenote_note":"","_monsterinsights_sitenote_category":0,"footnotes":""},"categories":[34,70,69,19,22],"tags":[100,71,48,49,93,75,45,46,129,107,44,132,230,635,3828,106,203,120,51,109,88,47,111,190,4028],"class_list":["post-31022","post","type-post","status-publish","format-standard","has-post-thumbnail","hentry","category-brasil","category-destaques","category-noticias2","category-saude","category-seguranca","tag-adustina","tag-antas","tag-araci","tag-banzae","tag-brasil","tag-cicero-dantas","tag-cipo","tag-crisopolis","tag-euclides-da-cunha","tag-fatima","tag-heliopolis","tag-itapicuru","tag-jeremoabo","tag-ministerio-da-saude","tag-noticias","tag-nova-soure","tag-novo-triunfo","tag-olindina","tag-paripiranga","tag-quijingue","tag-ribeira-do-amparo","tag-ribeira-do-pombal","tag-sitio-do-quinto","tag-tucano","tag-vazamento-de-dados"],"aioseo_notices":[],"_links":{"self":[{"href":"https:\/\/www.portalalerta.com.br\/index.php\/wp-json\/wp\/v2\/posts\/31022","targetHints":{"allow":["GET"]}}],"collection":[{"href":"https:\/\/www.portalalerta.com.br\/index.php\/wp-json\/wp\/v2\/posts"}],"about":[{"href":"https:\/\/www.portalalerta.com.br\/index.php\/wp-json\/wp\/v2\/types\/post"}],"author":[{"embeddable":true,"href":"https:\/\/www.portalalerta.com.br\/index.php\/wp-json\/wp\/v2\/users\/2"}],"replies":[{"embeddable":true,"href":"https:\/\/www.portalalerta.com.br\/index.php\/wp-json\/wp\/v2\/comments?post=31022"}],"version-history":[{"count":1,"href":"https:\/\/www.portalalerta.com.br\/index.php\/wp-json\/wp\/v2\/posts\/31022\/revisions"}],"predecessor-version":[{"id":31023,"href":"https:\/\/www.portalalerta.com.br\/index.php\/wp-json\/wp\/v2\/posts\/31022\/revisions\/31023"}],"wp:featuredmedia":[{"embeddable":true,"href":"https:\/\/www.portalalerta.com.br\/index.php\/wp-json\/wp\/v2\/media\/30687"}],"wp:attachment":[{"href":"https:\/\/www.portalalerta.com.br\/index.php\/wp-json\/wp\/v2\/media?parent=31022"}],"wp:term":[{"taxonomy":"category","embeddable":true,"href":"https:\/\/www.portalalerta.com.br\/index.php\/wp-json\/wp\/v2\/categories?post=31022"},{"taxonomy":"post_tag","embeddable":true,"href":"https:\/\/www.portalalerta.com.br\/index.php\/wp-json\/wp\/v2\/tags?post=31022"}],"curies":[{"name":"wp","href":"https:\/\/api.w.org\/{rel}","templated":true}]}}