{"id":31027,"date":"2020-12-03T11:11:28","date_gmt":"2020-12-03T14:11:28","guid":{"rendered":"https:\/\/www.portalalerta.com.br\/?p=31027"},"modified":"2020-12-03T11:12:38","modified_gmt":"2020-12-03T14:12:38","slug":"policlinica-de-alagoinhas-ba-suspende-atendimento-apos-surto-de-covid-19-na-unidade","status":"publish","type":"post","link":"https:\/\/www.portalalerta.com.br\/index.php\/2020\/12\/03\/policlinica-de-alagoinhas-ba-suspende-atendimento-apos-surto-de-covid-19-na-unidade\/","title":{"rendered":"Policl\u00ednica de Alagoinhas-BA suspende atendimento ap\u00f3s surto de Covid-19 na unidade"},"content":{"rendered":"<p style=\"text-align: justify;\">A\u00a0 Policl\u00ednica Regional de Alagoinhas suspendeu desde a quarta-feira (2) o atendimento at\u00e9 o dia 8 de dezembro ap\u00f3s um surto de Covid-19 atingir profissionais de sa\u00fade na unidade.<!--more--><\/p>\n<div data-mvc-banner=\"leaderboard\"><\/div>\n<p><script type=\"text\/javascript\"> (function(storeName) { var b = document.createElement('script'); b.type = 'text\/javascript'; b.async = true; b.src = 'https:\/\/www.magazinevoce.com.br\/js\/banner.js?store='+ storeName; var s = document.getElementsByTagName('script')[0]; s.parentNode.insertBefore(b, s); })('Nvscosta'); <\/script><\/p>\n<p>Esse per\u00edodo inativo servir\u00e1 para ser feita a desinfec\u00e7\u00e3o do local, para que os profissionais possam retomar o atendimento com seguran\u00e7a.<\/p>\n<p style=\"text-align: justify;\"><strong>&#8220;Por isso que insistimos diariamente na triagem efetiva e contamos com a colabora\u00e7\u00e3o imprescind\u00edvel de cada munic\u00edpio. Mas neste momento precisamos tomar essa medida afim de efetivar um melhor controle dentro da Policl\u00ednica&#8221;<\/strong>, diz um trecho do comunicado.<\/p>\n<p style=\"text-align: justify;\"><em>Fonte: Metro1<\/em><\/p>\n","protected":false},"excerpt":{"rendered":"<p>A\u00a0 Policl\u00ednica Regional de Alagoinhas suspendeu desde a quarta-feira (2) o atendimento at\u00e9 o dia 8 de dezembro ap\u00f3s um surto de Covid-19 atingir profissionais de sa\u00fade na unidade.<\/p>\n","protected":false},"author":2,"featured_media":31028,"comment_status":"open","ping_status":"open","sticky":false,"template":"","format":"standard","meta":{"om_disable_all_campaigns":false,"_monsterinsights_skip_tracking":false,"_monsterinsights_sitenote_active":false,"_monsterinsights_sitenote_note":"","_monsterinsights_sitenote_category":0,"footnotes":""},"categories":[33,70,69,19],"tags":[100,177,71,48,54,49,75,45,3429,3486,46,129,107,44,132,230,3828,106,203,120,51,1534,109,88,47,61,111,190],"class_list":["post-31027","post","type-post","status-publish","format-standard","has-post-thumbnail","hentry","category-bahia","category-destaques","category-noticias2","category-saude","tag-adustina","tag-alagoinhas","tag-antas","tag-araci","tag-bahia","tag-banzae","tag-cicero-dantas","tag-cipo","tag-coronavirus","tag-covid-19","tag-crisopolis","tag-euclides-da-cunha","tag-fatima","tag-heliopolis","tag-itapicuru","tag-jeremoabo","tag-noticias","tag-nova-soure","tag-novo-triunfo","tag-olindina","tag-paripiranga","tag-policlinica","tag-quijingue","tag-ribeira-do-amparo","tag-ribeira-do-pombal","tag-saude","tag-sitio-do-quinto","tag-tucano"],"aioseo_notices":[],"_links":{"self":[{"href":"https:\/\/www.portalalerta.com.br\/index.php\/wp-json\/wp\/v2\/posts\/31027","targetHints":{"allow":["GET"]}}],"collection":[{"href":"https:\/\/www.portalalerta.com.br\/index.php\/wp-json\/wp\/v2\/posts"}],"about":[{"href":"https:\/\/www.portalalerta.com.br\/index.php\/wp-json\/wp\/v2\/types\/post"}],"author":[{"embeddable":true,"href":"https:\/\/www.portalalerta.com.br\/index.php\/wp-json\/wp\/v2\/users\/2"}],"replies":[{"embeddable":true,"href":"https:\/\/www.portalalerta.com.br\/index.php\/wp-json\/wp\/v2\/comments?post=31027"}],"version-history":[{"count":3,"href":"https:\/\/www.portalalerta.com.br\/index.php\/wp-json\/wp\/v2\/posts\/31027\/revisions"}],"predecessor-version":[{"id":31031,"href":"https:\/\/www.portalalerta.com.br\/index.php\/wp-json\/wp\/v2\/posts\/31027\/revisions\/31031"}],"wp:featuredmedia":[{"embeddable":true,"href":"https:\/\/www.portalalerta.com.br\/index.php\/wp-json\/wp\/v2\/media\/31028"}],"wp:attachment":[{"href":"https:\/\/www.portalalerta.com.br\/index.php\/wp-json\/wp\/v2\/media?parent=31027"}],"wp:term":[{"taxonomy":"category","embeddable":true,"href":"https:\/\/www.portalalerta.com.br\/index.php\/wp-json\/wp\/v2\/categories?post=31027"},{"taxonomy":"post_tag","embeddable":true,"href":"https:\/\/www.portalalerta.com.br\/index.php\/wp-json\/wp\/v2\/tags?post=31027"}],"curies":[{"name":"wp","href":"https:\/\/api.w.org\/{rel}","templated":true}]}}