{"id":31040,"date":"2020-12-03T14:14:43","date_gmt":"2020-12-03T17:14:43","guid":{"rendered":"https:\/\/www.portalalerta.com.br\/?p=31040"},"modified":"2020-12-03T14:14:43","modified_gmt":"2020-12-03T17:14:43","slug":"sp-comeca-a-produzir-coronavac-nesta-semana-e-preve-vacinacao-ja-em-janeiro","status":"publish","type":"post","link":"https:\/\/www.portalalerta.com.br\/index.php\/2020\/12\/03\/sp-comeca-a-produzir-coronavac-nesta-semana-e-preve-vacinacao-ja-em-janeiro\/","title":{"rendered":"SP come\u00e7a a produzir CoronaVac nesta semana e prev\u00ea vacina\u00e7\u00e3o j\u00e1 em janeiro"},"content":{"rendered":"<p style=\"text-align: justify;\">Dimas Covas, diretor do Instituto Butantan, afirmou que a\u00a0CoronaVac\u00a0pode estar dispon\u00edvel para a popula\u00e7\u00e3o em janeiro de 2021. A vacina contra o\u00a0coronav\u00edrus\u00a0\u00e9 produzida em parceria pelo Butantan e pelo laborat\u00f3rio chin\u00eas SinoVac.<!--more--><\/p>\n<p style=\"text-align: justify;\">\u201cA vacina estar\u00e1 dispon\u00edvel e o registro na Anvisa, acredito eu, tamb\u00e9m estar\u00e1 dispon\u00edvel. Ent\u00e3o, poderemos iniciar um programa em janeiro, acredito, de vacina\u00e7\u00e3o. E espero [que] com o apoio do Minist\u00e9rio [da Sa\u00fade], apesar de todas essas declara\u00e7\u00f5es que n\u00e3o citam nominalmente a vacina do Butantan\u201d, disse Dimas Covas em entrevista \u00e0 GloboNews nesta quinta-feira, 3.<\/p>\n<p style=\"text-align: justify;\">O diretor do Instituto Butantan ainda afirmou que espera que a CoronaVac seja incorporada ao plano de vacina\u00e7\u00e3o do governo federal. Na \u00faltima ter\u00e7a-feira, 1\u00ba, o minist\u00e9rio da Sa\u00fade divulgou uma estrat\u00e9gia inicial para vacinar a popula\u00e7\u00e3o.<\/p>\n<div style=\"text-align: justify;\" data-mvc-banner=\"leaderboard\"><\/div>\n<p style=\"text-align: justify;\"><script type=\"text\/javascript\"> (function(storeName) { var b = document.createElement('script'); b.type = 'text\/javascript'; b.async = true; b.src = 'https:\/\/www.magazinevoce.com.br\/js\/banner.js?store='+ storeName; var s = document.getElementsByTagName('script')[0]; s.parentNode.insertBefore(b, s); })('Nvscosta'); <\/script><\/p>\n<p style=\"text-align: justify;\">Segundo Dimas Covas, a vacina est\u00e1 perto de ser aprovada pela Ag\u00eancia Nacional de Vigil\u00e2ncia Sanit\u00e1ria. \u201cN\u00f3s estamos muito pr\u00f3ximos de solicitar o registro. N\u00f3s n\u00e3o teremos a necessidade de solicitar esse registro emergencial, vamos solicitar j\u00e1 o registro da vacina. Estamos muito pr\u00f3ximos de que isso aconte\u00e7a. O registro e a vacina estando dispon\u00edveis, n\u00f3s temos que iniciar a vacina\u00e7\u00e3o. \u00c9 tudo o que n\u00f3s queremos\u201d, relatou.<\/p>\n<p style=\"text-align: justify;\">A CoronaVac est\u00e1 na na terceira e \u00faltima fase de testes. O governo de S\u00e3o Paulo tem um acordo para que sejam entregues 46 milh\u00f5es de doses e para que a tecnologia seja transferida para o estado. Dessa forma, S\u00e3o Paulo poder\u00e1 ter produ\u00e7\u00e3o pr\u00f3pria de imuniza\u00e7\u00e3o.<\/p>\n<p style=\"text-align: justify;\">Em outubro, o ministro da Sa\u00fade,\u00a0Eduardo Pazuello, havia anunciado que o governo federal compraria a vacina\u00a0produzida pelo Instituto Butantan. No entanto, foi\u00a0desautorizado pelo presidente Jair Bolsonaro\u00a0(sem partido).<\/p>\n<p style=\"text-align: justify;\">Houve ainda uma confus\u00e3o entre Anvisa e Instituto Butantan, quando a\u00a0ag\u00eancia interrompeu os testes da CoronaVac\u00a0por causa da morte de um dos volunt\u00e1rios. Depois, descobriram que a morte n\u00e3o teve rela\u00e7\u00e3o com a imuniza\u00e7\u00e3o e houve um suposto conflito na comunica\u00e7\u00e3o.<\/p>\n<p style=\"text-align: justify;\">Na \u00faltima quarta-feira, 2, a Anvisa afirmou que aceitar\u00e1 que empresas desenvolvedoras de vacinas pe\u00e7am \u201cuso de urg\u00eancia\u201d.<\/p>\n<p style=\"text-align: justify;\"><em>Fonte: Yahoo Not\u00edcias<\/em><\/p>\n","protected":false},"excerpt":{"rendered":"<p>Dimas Covas, diretor do Instituto Butantan, afirmou que a\u00a0CoronaVac\u00a0pode estar dispon\u00edvel para a popula\u00e7\u00e3o em janeiro de 2021. A vacina contra o\u00a0coronav\u00edrus\u00a0\u00e9 produzida em parceria pelo Butantan e pelo laborat\u00f3rio chin\u00eas SinoVac.<\/p>\n","protected":false},"author":2,"featured_media":31041,"comment_status":"open","ping_status":"open","sticky":false,"template":"","format":"standard","meta":{"om_disable_all_campaigns":false,"_monsterinsights_skip_tracking":false,"_monsterinsights_sitenote_active":false,"_monsterinsights_sitenote_note":"","_monsterinsights_sitenote_category":0,"footnotes":""},"categories":[34,70,69,19],"tags":[100,71,48,49,93,75,45,3960,3429,3486,46,129,107,44,3837,132,230,3828,106,203,120,51,109,88,47,404,111,190,3570,371],"class_list":["post-31040","post","type-post","status-publish","format-standard","has-post-thumbnail","hentry","category-brasil","category-destaques","category-noticias2","category-saude","tag-adustina","tag-antas","tag-araci","tag-banzae","tag-brasil","tag-cicero-dantas","tag-cipo","tag-coronavac","tag-coronavirus","tag-covid-19","tag-crisopolis","tag-euclides-da-cunha","tag-fatima","tag-heliopolis","tag-instituto-butantan","tag-itapicuru","tag-jeremoabo","tag-noticias","tag-nova-soure","tag-novo-triunfo","tag-olindina","tag-paripiranga","tag-quijingue","tag-ribeira-do-amparo","tag-ribeira-do-pombal","tag-sao-paulo","tag-sitio-do-quinto","tag-tucano","tag-vacina","tag-vacinacao"],"aioseo_notices":[],"_links":{"self":[{"href":"https:\/\/www.portalalerta.com.br\/index.php\/wp-json\/wp\/v2\/posts\/31040","targetHints":{"allow":["GET"]}}],"collection":[{"href":"https:\/\/www.portalalerta.com.br\/index.php\/wp-json\/wp\/v2\/posts"}],"about":[{"href":"https:\/\/www.portalalerta.com.br\/index.php\/wp-json\/wp\/v2\/types\/post"}],"author":[{"embeddable":true,"href":"https:\/\/www.portalalerta.com.br\/index.php\/wp-json\/wp\/v2\/users\/2"}],"replies":[{"embeddable":true,"href":"https:\/\/www.portalalerta.com.br\/index.php\/wp-json\/wp\/v2\/comments?post=31040"}],"version-history":[{"count":1,"href":"https:\/\/www.portalalerta.com.br\/index.php\/wp-json\/wp\/v2\/posts\/31040\/revisions"}],"predecessor-version":[{"id":31042,"href":"https:\/\/www.portalalerta.com.br\/index.php\/wp-json\/wp\/v2\/posts\/31040\/revisions\/31042"}],"wp:featuredmedia":[{"embeddable":true,"href":"https:\/\/www.portalalerta.com.br\/index.php\/wp-json\/wp\/v2\/media\/31041"}],"wp:attachment":[{"href":"https:\/\/www.portalalerta.com.br\/index.php\/wp-json\/wp\/v2\/media?parent=31040"}],"wp:term":[{"taxonomy":"category","embeddable":true,"href":"https:\/\/www.portalalerta.com.br\/index.php\/wp-json\/wp\/v2\/categories?post=31040"},{"taxonomy":"post_tag","embeddable":true,"href":"https:\/\/www.portalalerta.com.br\/index.php\/wp-json\/wp\/v2\/tags?post=31040"}],"curies":[{"name":"wp","href":"https:\/\/api.w.org\/{rel}","templated":true}]}}