{"id":31043,"date":"2020-12-03T14:15:13","date_gmt":"2020-12-03T17:15:13","guid":{"rendered":"https:\/\/www.portalalerta.com.br\/?p=31043"},"modified":"2020-12-03T14:15:13","modified_gmt":"2020-12-03T17:15:13","slug":"ex-prefeito-de-tucano-ba-recebe-alta-apos-reinfeccao-por-covid-19","status":"publish","type":"post","link":"https:\/\/www.portalalerta.com.br\/index.php\/2020\/12\/03\/ex-prefeito-de-tucano-ba-recebe-alta-apos-reinfeccao-por-covid-19\/","title":{"rendered":"Ex-prefeito de Tucano-BA recebe alta ap\u00f3s reinfec\u00e7\u00e3o por Covid-19"},"content":{"rendered":"<p style=\"text-align: justify;\">O ex-prefeito de Tucano-BA,\u00a0Jos\u00e9 Rubens de Santana Arruda (DEM), recebeu alta nesta quarta-feira (02) e deixou o hospital Santa Isabel em Salvador.<!--more--><\/p>\n<p style=\"text-align: justify;\"><img fetchpriority=\"high\" decoding=\"async\" class=\"size-thumbnail wp-image-9394 alignleft\" src=\"https:\/\/www.portalalerta.com.br\/wp-content\/uploads\/2018\/07\/05elab-320x240.jpg\" alt=\"\" width=\"320\" height=\"240\" srcset=\"https:\/\/www.portalalerta.com.br\/wp-content\/uploads\/2018\/07\/05elab-320x240.jpg 320w, https:\/\/www.portalalerta.com.br\/wp-content\/uploads\/2018\/07\/05elab-195x146.jpg 195w, https:\/\/www.portalalerta.com.br\/wp-content\/uploads\/2018\/07\/05elab-50x38.jpg 50w, https:\/\/www.portalalerta.com.br\/wp-content\/uploads\/2018\/07\/05elab-100x75.jpg 100w, https:\/\/www.portalalerta.com.br\/wp-content\/uploads\/2018\/07\/05elab.jpg 400w\" sizes=\"(max-width: 320px) 100vw, 320px\" \/>Na manh\u00e3 da \u00faltima sexta-feira (27) Rubinho, como \u00e9 conhecido, confirmou que foi reinfectado pelo coronav\u00edrus (<strong><a href=\"https:\/\/www.portalalerta.com.br\/index.php\/2020\/11\/27\/ex-prefeito-de-tucano-ba-rubinho-tem-reinfeccao-por-covid-19\/\">reveja aqui<\/a><\/strong>).<\/p>\n<p style=\"text-align: justify;\">Na primeira vez que o ex-gestor foi infectado pela Covid-19 em junho, ele ficou internado na UPA de Caldas do Jorro, e teve sintomas leves.<\/p>\n<p style=\"text-align: justify;\">De acordo informa\u00e7\u00f5es do pr\u00f3prio pol\u00edtico, ele est\u00e1 em sua resid\u00eancia na capital baiana onde vai cumprir os protocolos de quarentena por mais uma semana.<\/p>\n<p style=\"text-align: justify;\"><em>Fonte: Fique Por Dentro Agora<\/em><\/p>\n","protected":false},"excerpt":{"rendered":"<p>O ex-prefeito de Tucano-BA,\u00a0Jos\u00e9 Rubens de Santana Arruda (DEM), recebeu alta nesta quarta-feira (02) e deixou o hospital Santa Isabel em Salvador.<\/p>\n","protected":false},"author":2,"featured_media":31044,"comment_status":"open","ping_status":"open","sticky":false,"template":"","format":"standard","meta":{"om_disable_all_campaigns":false,"_monsterinsights_skip_tracking":false,"_monsterinsights_sitenote_active":false,"_monsterinsights_sitenote_note":"","_monsterinsights_sitenote_category":0,"footnotes":""},"categories":[70,69,21,32,19,12],"tags":[100,71,48,49,75,45,3429,3486,46,129,107,44,132,230,3828,106,203,120,51,109,4031,88,47,3751,61,111,190],"class_list":["post-31043","post","type-post","status-publish","format-standard","has-post-thumbnail","hentry","category-destaques","category-noticias2","category-politica","category-regiao","category-saude","category-tucano","tag-adustina","tag-antas","tag-araci","tag-banzae","tag-cicero-dantas","tag-cipo","tag-coronavirus","tag-covid-19","tag-crisopolis","tag-euclides-da-cunha","tag-fatima","tag-heliopolis","tag-itapicuru","tag-jeremoabo","tag-noticias","tag-nova-soure","tag-novo-triunfo","tag-olindina","tag-paripiranga","tag-quijingue","tag-reinfeccao","tag-ribeira-do-amparo","tag-ribeira-do-pombal","tag-rubinho","tag-saude","tag-sitio-do-quinto","tag-tucano"],"aioseo_notices":[],"_links":{"self":[{"href":"https:\/\/www.portalalerta.com.br\/index.php\/wp-json\/wp\/v2\/posts\/31043","targetHints":{"allow":["GET"]}}],"collection":[{"href":"https:\/\/www.portalalerta.com.br\/index.php\/wp-json\/wp\/v2\/posts"}],"about":[{"href":"https:\/\/www.portalalerta.com.br\/index.php\/wp-json\/wp\/v2\/types\/post"}],"author":[{"embeddable":true,"href":"https:\/\/www.portalalerta.com.br\/index.php\/wp-json\/wp\/v2\/users\/2"}],"replies":[{"embeddable":true,"href":"https:\/\/www.portalalerta.com.br\/index.php\/wp-json\/wp\/v2\/comments?post=31043"}],"version-history":[{"count":1,"href":"https:\/\/www.portalalerta.com.br\/index.php\/wp-json\/wp\/v2\/posts\/31043\/revisions"}],"predecessor-version":[{"id":31045,"href":"https:\/\/www.portalalerta.com.br\/index.php\/wp-json\/wp\/v2\/posts\/31043\/revisions\/31045"}],"wp:featuredmedia":[{"embeddable":true,"href":"https:\/\/www.portalalerta.com.br\/index.php\/wp-json\/wp\/v2\/media\/31044"}],"wp:attachment":[{"href":"https:\/\/www.portalalerta.com.br\/index.php\/wp-json\/wp\/v2\/media?parent=31043"}],"wp:term":[{"taxonomy":"category","embeddable":true,"href":"https:\/\/www.portalalerta.com.br\/index.php\/wp-json\/wp\/v2\/categories?post=31043"},{"taxonomy":"post_tag","embeddable":true,"href":"https:\/\/www.portalalerta.com.br\/index.php\/wp-json\/wp\/v2\/tags?post=31043"}],"curies":[{"name":"wp","href":"https:\/\/api.w.org\/{rel}","templated":true}]}}