{"id":31056,"date":"2020-12-03T19:27:11","date_gmt":"2020-12-03T22:27:11","guid":{"rendered":"https:\/\/www.portalalerta.com.br\/?p=31056"},"modified":"2020-12-03T19:28:08","modified_gmt":"2020-12-03T22:28:08","slug":"suspeito-de-planejar-fuga-de-chefe-de-faccao-de-sp-e-preso-em-investigacao-de-assalto-em-criciuma-sc","status":"publish","type":"post","link":"https:\/\/www.portalalerta.com.br\/index.php\/2020\/12\/03\/suspeito-de-planejar-fuga-de-chefe-de-faccao-de-sp-e-preso-em-investigacao-de-assalto-em-criciuma-sc\/","title":{"rendered":"Suspeito de planejar fuga de chefe de fac\u00e7\u00e3o de SP \u00e9 preso em investiga\u00e7\u00e3o de assalto em Crici\u00fama-SC"},"content":{"rendered":"<p style=\"text-align: justify;\">Um dos presos pela Pol\u00edcia Civil por <a href=\"https:\/\/www.portalalerta.com.br\/index.php\/2020\/12\/01\/quadrilha-bloqueia-ruas-faz-refens-e-troca-tiros-com-a-policia-durante-assalto-a-banco-em-criciuma-sc\/\"><strong>assalto a uma\u00a0ag\u00eancia banc\u00e1ria em Crici\u00fama (SC)<\/strong><\/a>\u00a0pertence ao Primeiro Comando da Capital (PCC), uma conhecida fac\u00e7\u00e3o criminosa de S\u00e3o Paulo<em>.\u00a0<\/em>Ele teria participado da\u00a0tentativa de fuga de um dos chefes da fac\u00e7\u00e3o, conhecido como Marcola. Ao todo,\u00a0nove pessoas j\u00e1 foram presas\u00a0pelo ataque a banco em Crici\u00fama.<!--more--><\/p>\n<p style=\"text-align: justify;\">A pol\u00edcia n\u00e3o informou o nome do suposto integrante de fac\u00e7\u00e3o, nem qual seria a tentativa de resgate que ele participou, mas o\u00a0G1\u00a0apurou ser\u00a0M\u00e1rcio Geraldo Alves Ferreira, conhecido como Buda.<\/p>\n<p style=\"text-align: justify;\">Na \u00faltima segunda-feira, (30), cerca de 30 pessoas encapuzadas assaltaram a ag\u00eancia do Banco do Brasil no Centro de Crici\u00fama. A a\u00e7\u00e3o durou 1 hora e 45 minutos. Pessoas foram feitas ref\u00e9ns e cercadas por criminosos. Houve bloqueios e barreiras para conter a chegada da pol\u00edcia (veja detalhes no v\u00eddeo abaixo).<\/p>\n<p style=\"text-align: justify;\">Os criminosos fugiram, e parte do dinheiro ficou espalhada pelas ruas. O valor levado e abandonado n\u00e3o foi informado. Ap\u00f3s a a\u00e7\u00e3o, 10 carros usados no assalto foram apreendidos em um milharal de uma propriedade privada em Nova Veneza, a noroeste de Crici\u00fama.<\/p>\n<figure id=\"attachment_31058\" aria-describedby=\"caption-attachment-31058\" style=\"width: 427px\" class=\"wp-caption aligncenter\"><img fetchpriority=\"high\" decoding=\"async\" class=\"wp-image-31058 size-full\" src=\"https:\/\/www.portalalerta.com.br\/wp-content\/uploads\/2020\/12\/assalto-a-banco-em-Crici\u00fama-2020.3.jpg\" alt=\"\" width=\"427\" height=\"240\" srcset=\"https:\/\/www.portalalerta.com.br\/wp-content\/uploads\/2020\/12\/assalto-a-banco-em-Crici\u00fama-2020.3.jpg 427w, https:\/\/www.portalalerta.com.br\/wp-content\/uploads\/2020\/12\/assalto-a-banco-em-Crici\u00fama-2020.3-260x146.jpg 260w, https:\/\/www.portalalerta.com.br\/wp-content\/uploads\/2020\/12\/assalto-a-banco-em-Crici\u00fama-2020.3-50x28.jpg 50w, https:\/\/www.portalalerta.com.br\/wp-content\/uploads\/2020\/12\/assalto-a-banco-em-Crici\u00fama-2020.3-133x75.jpg 133w\" sizes=\"(max-width: 427px) 100vw, 427px\" \/><figcaption id=\"caption-attachment-31058\" class=\"wp-caption-text\">Quadrilha assalta Banco do Brasil no Centro de Crici\u00fama (SC)<\/figcaption><\/figure>\n<p style=\"text-align: justify;\">Questionado durante coletiva de imprensa na manh\u00e3 desta quinta-feira (3) sobre poss\u00edvel envolvimento de um dos presos com o Primeiro Comando da Capital (PCC), conhecida organiza\u00e7\u00e3o criminosa de S\u00e3o Paulo, o delegado Jo\u00e3o Paulo Abreu, chefe do DEIC de Porto Alegre, destacou que ele est\u00e1\u00a0&#8220;intensamente relacionado a essa organiza\u00e7\u00e3o criminosa&#8221;.<\/p>\n<p style=\"text-align: justify;\">O homem foi detido na manh\u00e3 desta quinta,\u00a0em uma casa em Gramado, na serra ga\u00facha.<\/p>\n<p style=\"text-align: justify;\"><strong>&#8220;Uma pessoa localizada dentro do im\u00f3vel, essa pessoa em tese, j\u00e1 comparando com a imagem que me foi trazida ontem [quarta], seria um faccionado da organiza\u00e7\u00e3o criminosa que atua l\u00e1 em S\u00e3o Paulo. Inclusive j\u00e1 participou de uma tentativa de resgate do l\u00edder dessa organiza\u00e7\u00e3o criminosa que atua em S\u00e3o Paulo&#8221;, destacou o delegado.<\/strong><\/p>\n<p style=\"text-align: justify;\">Ele foi levado a Porto Alegre durante a tarde.<\/p>\n<figure id=\"attachment_31059\" aria-describedby=\"caption-attachment-31059\" style=\"width: 720px\" class=\"wp-caption aligncenter\"><img decoding=\"async\" class=\"wp-image-31059 size-full\" src=\"https:\/\/www.portalalerta.com.br\/wp-content\/uploads\/2020\/12\/assalto-a-banco-em-Crici\u00fama-2020.4.jpg\" alt=\"\" width=\"720\" height=\"434\" srcset=\"https:\/\/www.portalalerta.com.br\/wp-content\/uploads\/2020\/12\/assalto-a-banco-em-Crici\u00fama-2020.4.jpg 720w, https:\/\/www.portalalerta.com.br\/wp-content\/uploads\/2020\/12\/assalto-a-banco-em-Crici\u00fama-2020.4-398x240.jpg 398w, https:\/\/www.portalalerta.com.br\/wp-content\/uploads\/2020\/12\/assalto-a-banco-em-Crici\u00fama-2020.4-242x146.jpg 242w, https:\/\/www.portalalerta.com.br\/wp-content\/uploads\/2020\/12\/assalto-a-banco-em-Crici\u00fama-2020.4-50x30.jpg 50w, https:\/\/www.portalalerta.com.br\/wp-content\/uploads\/2020\/12\/assalto-a-banco-em-Crici\u00fama-2020.4-124x75.jpg 124w, https:\/\/www.portalalerta.com.br\/wp-content\/uploads\/2020\/12\/assalto-a-banco-em-Crici\u00fama-2020.4-250x150.jpg 250w\" sizes=\"(max-width: 720px) 100vw, 720px\" \/><figcaption id=\"caption-attachment-31059\" class=\"wp-caption-text\">Buda foi levado a Porto Alegre na tarde de quinta-feira (3) \u2014 Foto: Rafael Lenz\/RBS TV<\/figcaption><\/figure>\n<p>&nbsp;<\/p>\n<figure id=\"attachment_31060\" aria-describedby=\"caption-attachment-31060\" style=\"width: 720px\" class=\"wp-caption aligncenter\"><img decoding=\"async\" class=\"wp-image-31060 size-full\" src=\"https:\/\/www.portalalerta.com.br\/wp-content\/uploads\/2020\/12\/assalto-a-banco-em-Crici\u00fama-2020.5.jpg\" alt=\"\" width=\"720\" height=\"405\" srcset=\"https:\/\/www.portalalerta.com.br\/wp-content\/uploads\/2020\/12\/assalto-a-banco-em-Crici\u00fama-2020.5.jpg 720w, https:\/\/www.portalalerta.com.br\/wp-content\/uploads\/2020\/12\/assalto-a-banco-em-Crici\u00fama-2020.5-427x240.jpg 427w, https:\/\/www.portalalerta.com.br\/wp-content\/uploads\/2020\/12\/assalto-a-banco-em-Crici\u00fama-2020.5-260x146.jpg 260w, https:\/\/www.portalalerta.com.br\/wp-content\/uploads\/2020\/12\/assalto-a-banco-em-Crici\u00fama-2020.5-50x28.jpg 50w, https:\/\/www.portalalerta.com.br\/wp-content\/uploads\/2020\/12\/assalto-a-banco-em-Crici\u00fama-2020.5-133x75.jpg 133w\" sizes=\"(max-width: 720px) 100vw, 720px\" \/><figcaption id=\"caption-attachment-31060\" class=\"wp-caption-text\">Delegado Jo\u00e3o Paulo Abreu, chefe do DEIC de Porto Alegre \u2014 Foto: Reprodu\u00e7\u00e3o\/RBSTV<\/figcaption><\/figure>\n<p style=\"text-align: justify;\">O secret\u00e1rio de Seguran\u00e7a P\u00fablica e vice-governador do RS, Ranolfo Vieira Jr. falou sobre o grande potencial do crime.<\/p>\n<p style=\"text-align: justify;\">\u201cO perfil [dos criminosos] est\u00e1 sendo feito. N\u00e3o tem d\u00favida alguma do potencial da a\u00e7\u00e3o. Nove carros blindados, organiza\u00e7\u00e3o completa. Possibilidade muito presente de uma organiza\u00e7\u00e3o criminosa\u201d<\/p>\n<figure id=\"attachment_31062\" aria-describedby=\"caption-attachment-31062\" style=\"width: 720px\" class=\"wp-caption aligncenter\"><img loading=\"lazy\" decoding=\"async\" class=\"wp-image-31062 size-full\" src=\"https:\/\/www.portalalerta.com.br\/wp-content\/uploads\/2020\/12\/assalto-a-banco-em-Crici\u00fama-2020.6.jpg\" alt=\"\" width=\"720\" height=\"695\" srcset=\"https:\/\/www.portalalerta.com.br\/wp-content\/uploads\/2020\/12\/assalto-a-banco-em-Crici\u00fama-2020.6.jpg 720w, https:\/\/www.portalalerta.com.br\/wp-content\/uploads\/2020\/12\/assalto-a-banco-em-Crici\u00fama-2020.6-249x240.jpg 249w, https:\/\/www.portalalerta.com.br\/wp-content\/uploads\/2020\/12\/assalto-a-banco-em-Crici\u00fama-2020.6-151x146.jpg 151w, https:\/\/www.portalalerta.com.br\/wp-content\/uploads\/2020\/12\/assalto-a-banco-em-Crici\u00fama-2020.6-50x48.jpg 50w, https:\/\/www.portalalerta.com.br\/wp-content\/uploads\/2020\/12\/assalto-a-banco-em-Crici\u00fama-2020.6-78x75.jpg 78w\" sizes=\"(max-width: 720px) 100vw, 720px\" \/><figcaption id=\"caption-attachment-31062\" class=\"wp-caption-text\">Investiga\u00e7\u00f5es sobre assalto em Crici\u00fama \u2014 Foto: Fernanda Garrafiel &#8211; Arte G1<\/figcaption><\/figure>\n<p style=\"text-align: justify;\"><strong>Pris\u00f5es e galp\u00e3o encontrado<\/strong><\/p>\n<p style=\"text-align: justify;\">Dois dos suspeitos foram localizados em Gramado, na Serra do Rio Grande do Sul, na manh\u00e3 desta quinta-feira (3), segundo a Chefe da Pol\u00edcia Civil, Nadine Anflor.<\/p>\n<p style=\"text-align: justify;\">Outros sete foram presos entre a tarde de quarta (2) e a madrugada desta quinta, segundo a Pol\u00edcia Rodovi\u00e1ria Federal (PRF) em cidades do Rio Grande do Sul e de Santa Catarina. Os suspeitos s\u00e3o de S\u00e3o Paulo (8) e Minas Gerais (1).<\/p>\n<p style=\"text-align: justify;\">Mais cedo nesta quinta-feira, um homem foi preso em uma casa localizada entre os munic\u00edpios de Morrinhos do Sul (RS) e Tr\u00eas Cachoeiras (RS), \u00e0s margens da BR-101.<\/p>\n<p style=\"text-align: justify;\"><img loading=\"lazy\" decoding=\"async\" class=\"size-thumbnail wp-image-9394 alignleft\" src=\"https:\/\/www.portalalerta.com.br\/wp-content\/uploads\/2018\/07\/05elab-320x240.jpg\" alt=\"\" width=\"320\" height=\"240\" srcset=\"https:\/\/www.portalalerta.com.br\/wp-content\/uploads\/2018\/07\/05elab-320x240.jpg 320w, https:\/\/www.portalalerta.com.br\/wp-content\/uploads\/2018\/07\/05elab-195x146.jpg 195w, https:\/\/www.portalalerta.com.br\/wp-content\/uploads\/2018\/07\/05elab-50x38.jpg 50w, https:\/\/www.portalalerta.com.br\/wp-content\/uploads\/2018\/07\/05elab-100x75.jpg 100w, https:\/\/www.portalalerta.com.br\/wp-content\/uploads\/2018\/07\/05elab.jpg 400w\" sizes=\"(max-width: 320px) 100vw, 320px\" \/>Segundo o comandante geral da Brigada Militar, coronel Rodrigo Mohr Picon, na casa foram encontrados objetos com caracter\u00edsticas semelhantes aos utilizados no assalto. &#8220;Uniformes, material pra uso de explosivos, tinta spray. V\u00e1rias caracter\u00edsticas que poderiam estar envolvidos nessa a\u00e7\u00e3o. Tamb\u00e9m havia vest\u00edgios de sangue na casa&#8221;.<\/p>\n<p style=\"text-align: justify;\">Dois paulistas, de 30 e 44 anos, foram presos na tarde de quarta, na BR-116, em S\u00e3o Leopoldo, na Regi\u00e3o Metropolitana de Porto Alegre.<\/p>\n<p style=\"text-align: justify;\">\u201cNosso servi\u00e7o de intelig\u00eancia chegou a informa\u00e7\u00e3o de que um ve\u00edculo que foi abordado, um HB20, tinha uma poss\u00edvel vincula\u00e7\u00e3o, direta ou indireta com a a\u00e7\u00e3o delituosa. Foi feita a intercepta\u00e7\u00e3o em S\u00e3o Leopoldo e j\u00e1 condenamos com a Pol\u00edcia Civil esse interc\u00e2mbio de informa\u00e7\u00f5es e o desdobramento dessa ocorr\u00eancia&#8221;, destaca o superintendente da PRF, Luis Reichack.<\/p>\n<p style=\"text-align: justify;\">Os dois tem antecedentes criminais, segundo a delegada Nadine. &#8220;Antecedentes de recepta\u00e7\u00e3o, roubo. N\u00e3o antecedentes diretamente de roubo a banco. O ve\u00edculo hb20 era justamente o batedor. Foi o ve\u00edculo utilizado para trazerem todos os demais ve\u00edculos de Crici\u00fama&#8221;, diz.<\/p>\n<p style=\"text-align: justify;\">Os homens decidiram permanecer em sil\u00eancio no interrogat\u00f3rio. Com eles foram apreendidos celulares e R$ 8 mil em dinheiro. &#8220;Se lavrou o flagrante pelos crimes de participa\u00e7\u00e3o em organiza\u00e7\u00e3o criminosa e coautoria pelo roubo a banco em Crici\u00fama&#8221;, diz a delegada.<\/p>\n<p style=\"text-align: justify;\">Na tarde de quarta-feira (2),\u00a0uma mulher de 31 anos foi presa em S\u00e3o Paulo suspeita de participa\u00e7\u00e3o no mega-assalto. Ela foi localizada, ap\u00f3s uma den\u00fancia, no Jardim Reimberg, Zona Sul da capital paulista. Com a mulher, os policiais encontraram malotes de dinheiro do Banco do Brasil, que ser\u00e3o periciados.<\/p>\n<p style=\"text-align: justify;\">Na ter\u00e7a-feira (1\u00b0), um\u00a0galp\u00e3o usado pelos criminosos\u00a0foi encontrado pela Pol\u00edcia Militar na cidade vizinha de I\u00e7ara, a cerca de 9 quil\u00f4metros de Crici\u00fama.<\/p>\n<p style=\"text-align: justify;\"><em>Fonte: G1<\/em><\/p>\n","protected":false},"excerpt":{"rendered":"<p>Um dos presos pela Pol\u00edcia Civil por assalto a uma\u00a0ag\u00eancia banc\u00e1ria em Crici\u00fama (SC)\u00a0pertence ao Primeiro Comando da Capital (PCC), uma conhecida fac\u00e7\u00e3o criminosa de S\u00e3o Paulo.\u00a0Ele teria participado da\u00a0tentativa de fuga de um dos chefes da fac\u00e7\u00e3o, conhecido como Marcola. Ao todo,\u00a0nove pessoas j\u00e1 foram presas\u00a0pelo ataque a banco em Crici\u00fama.<\/p>\n","protected":false},"author":2,"featured_media":31057,"comment_status":"open","ping_status":"open","sticky":false,"template":"","format":"standard","meta":{"om_disable_all_campaigns":false,"_monsterinsights_skip_tracking":false,"_monsterinsights_sitenote_active":false,"_monsterinsights_sitenote_note":"","_monsterinsights_sitenote_category":0,"footnotes":""},"categories":[34,70,69,22],"tags":[100,71,48,112,49,93,75,45,4025,46,4037,129,107,3192,44,132,230,357,3828,106,203,120,51,4038,613,109,88,47,854,735,4035,404,111,4036,190],"class_list":["post-31056","post","type-post","status-publish","format-standard","has-post-thumbnail","hentry","category-brasil","category-destaques","category-noticias2","category-seguranca","tag-adustina","tag-antas","tag-araci","tag-assalto-a-banco","tag-banzae","tag-brasil","tag-cicero-dantas","tag-cipo","tag-criciuma","tag-crisopolis","tag-divisa-de-torres","tag-euclides-da-cunha","tag-fatima","tag-gramado","tag-heliopolis","tag-itapicuru","tag-jeremoabo","tag-minas-gerais","tag-noticias","tag-nova-soure","tag-novo-triunfo","tag-olindina","tag-paripiranga","tag-passos-de-torres","tag-pcc","tag-quijingue","tag-ribeira-do-amparo","tag-ribeira-do-pombal","tag-rio-grande-do-sul","tag-santa-catarina","tag-sao-leopoldo","tag-sao-paulo","tag-sitio-do-quinto","tag-tres-cachoeiras","tag-tucano"],"aioseo_notices":[],"_links":{"self":[{"href":"https:\/\/www.portalalerta.com.br\/index.php\/wp-json\/wp\/v2\/posts\/31056","targetHints":{"allow":["GET"]}}],"collection":[{"href":"https:\/\/www.portalalerta.com.br\/index.php\/wp-json\/wp\/v2\/posts"}],"about":[{"href":"https:\/\/www.portalalerta.com.br\/index.php\/wp-json\/wp\/v2\/types\/post"}],"author":[{"embeddable":true,"href":"https:\/\/www.portalalerta.com.br\/index.php\/wp-json\/wp\/v2\/users\/2"}],"replies":[{"embeddable":true,"href":"https:\/\/www.portalalerta.com.br\/index.php\/wp-json\/wp\/v2\/comments?post=31056"}],"version-history":[{"count":3,"href":"https:\/\/www.portalalerta.com.br\/index.php\/wp-json\/wp\/v2\/posts\/31056\/revisions"}],"predecessor-version":[{"id":31065,"href":"https:\/\/www.portalalerta.com.br\/index.php\/wp-json\/wp\/v2\/posts\/31056\/revisions\/31065"}],"wp:featuredmedia":[{"embeddable":true,"href":"https:\/\/www.portalalerta.com.br\/index.php\/wp-json\/wp\/v2\/media\/31057"}],"wp:attachment":[{"href":"https:\/\/www.portalalerta.com.br\/index.php\/wp-json\/wp\/v2\/media?parent=31056"}],"wp:term":[{"taxonomy":"category","embeddable":true,"href":"https:\/\/www.portalalerta.com.br\/index.php\/wp-json\/wp\/v2\/categories?post=31056"},{"taxonomy":"post_tag","embeddable":true,"href":"https:\/\/www.portalalerta.com.br\/index.php\/wp-json\/wp\/v2\/tags?post=31056"}],"curies":[{"name":"wp","href":"https:\/\/api.w.org\/{rel}","templated":true}]}}