{"id":31312,"date":"2020-12-14T18:23:17","date_gmt":"2020-12-14T21:23:17","guid":{"rendered":"https:\/\/www.portalalerta.com.br\/?p=31312"},"modified":"2020-12-14T18:23:17","modified_gmt":"2020-12-14T21:23:17","slug":"acao-resgata-25-pessoas-em-condicoes-de-escravidao-em-garimpos-na-bahia","status":"publish","type":"post","link":"https:\/\/www.portalalerta.com.br\/index.php\/2020\/12\/14\/acao-resgata-25-pessoas-em-condicoes-de-escravidao-em-garimpos-na-bahia\/","title":{"rendered":"A\u00e7\u00e3o resgata 25 pessoas em condi\u00e7\u00f5es de escravid\u00e3o em garimpos na Bahia"},"content":{"rendered":"<p style=\"text-align: justify;\">Vinte e cinco pessoas foram flagradas em condi\u00e7\u00f5es de trabalho escravo em garimpos de ametista em Sento S\u00e9, no Sert\u00e3o do S\u00e3o Francisco. O resgate, feito por auditores-fiscais do Trabalho do Grupo Especial de Fiscaliza\u00e7\u00e3o M\u00f3vel \u2013 GEFM, ocorreu ap\u00f3s fiscaliza\u00e7\u00e3o em cinco garimpos situados na Serra da Quixaba. O local faz parte do Parque Nacional do Boqueir\u00e3o da On\u00e7a, e n\u00e3o havia autoriza\u00e7\u00e3o para a pr\u00e1tica do garimpo, seja de ordem ambiental ou mineral. Em alguns casos, a profundidade dos po\u00e7os ultrapassava 60 metros, e galerias horizontais j\u00e1 tinham sido iniciadas.<!--more--><\/p>\n<p style=\"text-align: justify;\"><img fetchpriority=\"high\" decoding=\"async\" class=\"size-thumbnail wp-image-4869 aligncenter\" src=\"https:\/\/www.portalalerta.com.br\/wp-content\/uploads\/2018\/02\/Auto-Escola-Nobre-720x181.jpg\" alt=\"\" width=\"720\" height=\"181\" srcset=\"https:\/\/www.portalalerta.com.br\/wp-content\/uploads\/2018\/02\/Auto-Escola-Nobre.jpg 720w, https:\/\/www.portalalerta.com.br\/wp-content\/uploads\/2018\/02\/Auto-Escola-Nobre-260x65.jpg 260w, https:\/\/www.portalalerta.com.br\/wp-content\/uploads\/2018\/02\/Auto-Escola-Nobre-50x13.jpg 50w, https:\/\/www.portalalerta.com.br\/wp-content\/uploads\/2018\/02\/Auto-Escola-Nobre-150x38.jpg 150w\" sizes=\"(max-width: 720px) 100vw, 720px\" \/>Segundo o GEFM, a interdi\u00e7\u00e3o se deu em raz\u00e3o de constata\u00e7\u00e3o de grave e iminente risco \u00e0 sa\u00fade e seguran\u00e7a dos trabalhadores. N\u00e3o havia prote\u00e7\u00e3o das aberturas dos po\u00e7os \u2013 como forma de controlar a estabilidade dos maci\u00e7os e transporte no interior das minas \u2013 al\u00e9m de haver risco de curtos-circuitos e choques de falhas nas instala\u00e7\u00f5es el\u00e9tricas. As m\u00e1quinas de guincho tamb\u00e9m foram interditadas por falta de prote\u00e7\u00e3o de correias, polias, engrenagens e roldanas e irregularidades relacionadas aos dispositivos de acionamento e parada. \u00a0No transporte dos trabalhadores, era usado um equipamento conhecido como \u201ccavalo\u201d. Nesse item, as pernas do trabalhador eram colocadas em dois la\u00e7os de borracha, unidos por argolas de cordas e presos a um gancho, travado e amarrado a cabo de a\u00e7o. A pessoa ainda tinha de segurar as argolas com as m\u00e3os para n\u00e3o ocorrer uma queda.<\/p>\n<figure id=\"attachment_31313\" aria-describedby=\"caption-attachment-31313\" style=\"width: 595px\" class=\"wp-caption aligncenter\"><img decoding=\"async\" class=\"wp-image-31313 size-full\" src=\"https:\/\/www.portalalerta.com.br\/wp-content\/uploads\/2020\/12\/trabalho-escravo-em-Sento-S\u00e9-2020.1.jpg\" alt=\"\" width=\"595\" height=\"390\" srcset=\"https:\/\/www.portalalerta.com.br\/wp-content\/uploads\/2020\/12\/trabalho-escravo-em-Sento-S\u00e9-2020.1.jpg 595w, https:\/\/www.portalalerta.com.br\/wp-content\/uploads\/2020\/12\/trabalho-escravo-em-Sento-S\u00e9-2020.1-366x240.jpg 366w, https:\/\/www.portalalerta.com.br\/wp-content\/uploads\/2020\/12\/trabalho-escravo-em-Sento-S\u00e9-2020.1-223x146.jpg 223w, https:\/\/www.portalalerta.com.br\/wp-content\/uploads\/2020\/12\/trabalho-escravo-em-Sento-S\u00e9-2020.1-50x33.jpg 50w, https:\/\/www.portalalerta.com.br\/wp-content\/uploads\/2020\/12\/trabalho-escravo-em-Sento-S\u00e9-2020.1-114x75.jpg 114w\" sizes=\"(max-width: 595px) 100vw, 595px\" \/><figcaption id=\"caption-attachment-31313\" class=\"wp-caption-text\">Foto: Divulga\u00e7\u00e3o \/ Sinait-DS\/Bahia<\/figcaption><\/figure>\n<p style=\"text-align: justify;\">Segundo a for\u00e7a-tarefa, diversos trabalhadores tiveram de adquirir ou trazer Equipamentos de Prote\u00e7\u00e3o Individual \u2013 EPIs por conta pr\u00f3pria. Eles tamb\u00e9m n\u00e3o usavam m\u00e1scaras de prote\u00e7\u00e3o ao novo coronav\u00edrus e poucos tinham prote\u00e7\u00e3o para o trabalho em minera\u00e7\u00e3o. Nenhum deles ainda recebeu treinamento para trabalho em mina subterr\u00e2nea, considerado de alto risco. Tamb\u00e9m n\u00e3o passaram por exames m\u00e9dicos ocupacionais nem\u00a0tinham nenhum documento\u00a0da \u00e1rea trabalhista e de seguran\u00e7a e sa\u00fade no trabalho.<\/p>\n<figure id=\"attachment_31314\" aria-describedby=\"caption-attachment-31314\" style=\"width: 720px\" class=\"wp-caption aligncenter\"><img decoding=\"async\" class=\"wp-image-31314 size-full\" src=\"https:\/\/www.portalalerta.com.br\/wp-content\/uploads\/2020\/12\/trabalho-escravo-em-Sento-S\u00e9-2020.2.jpg\" alt=\"\" width=\"720\" height=\"379\" srcset=\"https:\/\/www.portalalerta.com.br\/wp-content\/uploads\/2020\/12\/trabalho-escravo-em-Sento-S\u00e9-2020.2.jpg 720w, https:\/\/www.portalalerta.com.br\/wp-content\/uploads\/2020\/12\/trabalho-escravo-em-Sento-S\u00e9-2020.2-456x240.jpg 456w, https:\/\/www.portalalerta.com.br\/wp-content\/uploads\/2020\/12\/trabalho-escravo-em-Sento-S\u00e9-2020.2-260x137.jpg 260w, https:\/\/www.portalalerta.com.br\/wp-content\/uploads\/2020\/12\/trabalho-escravo-em-Sento-S\u00e9-2020.2-50x26.jpg 50w, https:\/\/www.portalalerta.com.br\/wp-content\/uploads\/2020\/12\/trabalho-escravo-em-Sento-S\u00e9-2020.2-142x75.jpg 142w\" sizes=\"(max-width: 720px) 100vw, 720px\" \/><figcaption id=\"caption-attachment-31314\" class=\"wp-caption-text\">Foto: Divulga\u00e7\u00e3o \/ Sinait-DS\/Bahia<\/figcaption><\/figure>\n<p style=\"text-align: justify;\"><em>Fonte: Bahia Not\u00edcias<\/em><\/p>\n","protected":false},"excerpt":{"rendered":"<p>Vinte e cinco pessoas foram flagradas em condi\u00e7\u00f5es de trabalho escravo em garimpos de ametista em Sento S\u00e9, no Sert\u00e3o do S\u00e3o Francisco. O resgate, feito por auditores-fiscais do Trabalho do Grupo Especial de Fiscaliza\u00e7\u00e3o M\u00f3vel \u2013 GEFM, ocorreu ap\u00f3s fiscaliza\u00e7\u00e3o em cinco garimpos situados na Serra da Quixaba. O local faz parte do Parque &hellip;<\/p>\n","protected":false},"author":2,"featured_media":31315,"comment_status":"open","ping_status":"open","sticky":false,"template":"","format":"standard","meta":{"om_disable_all_campaigns":false,"_monsterinsights_skip_tracking":false,"_monsterinsights_sitenote_active":false,"_monsterinsights_sitenote_note":"","_monsterinsights_sitenote_category":0,"footnotes":""},"categories":[33,70,69,22],"tags":[100,71,48,54,49,75,45,46,129,107,44,132,230,3828,106,203,120,51,109,88,47,2460,111,883,190],"class_list":["post-31312","post","type-post","status-publish","format-standard","has-post-thumbnail","hentry","category-bahia","category-destaques","category-noticias2","category-seguranca","tag-adustina","tag-antas","tag-araci","tag-bahia","tag-banzae","tag-cicero-dantas","tag-cipo","tag-crisopolis","tag-euclides-da-cunha","tag-fatima","tag-heliopolis","tag-itapicuru","tag-jeremoabo","tag-noticias","tag-nova-soure","tag-novo-triunfo","tag-olindina","tag-paripiranga","tag-quijingue","tag-ribeira-do-amparo","tag-ribeira-do-pombal","tag-sento-se","tag-sitio-do-quinto","tag-trabalho-escravo","tag-tucano"],"aioseo_notices":[],"_links":{"self":[{"href":"https:\/\/www.portalalerta.com.br\/index.php\/wp-json\/wp\/v2\/posts\/31312","targetHints":{"allow":["GET"]}}],"collection":[{"href":"https:\/\/www.portalalerta.com.br\/index.php\/wp-json\/wp\/v2\/posts"}],"about":[{"href":"https:\/\/www.portalalerta.com.br\/index.php\/wp-json\/wp\/v2\/types\/post"}],"author":[{"embeddable":true,"href":"https:\/\/www.portalalerta.com.br\/index.php\/wp-json\/wp\/v2\/users\/2"}],"replies":[{"embeddable":true,"href":"https:\/\/www.portalalerta.com.br\/index.php\/wp-json\/wp\/v2\/comments?post=31312"}],"version-history":[{"count":1,"href":"https:\/\/www.portalalerta.com.br\/index.php\/wp-json\/wp\/v2\/posts\/31312\/revisions"}],"predecessor-version":[{"id":31316,"href":"https:\/\/www.portalalerta.com.br\/index.php\/wp-json\/wp\/v2\/posts\/31312\/revisions\/31316"}],"wp:featuredmedia":[{"embeddable":true,"href":"https:\/\/www.portalalerta.com.br\/index.php\/wp-json\/wp\/v2\/media\/31315"}],"wp:attachment":[{"href":"https:\/\/www.portalalerta.com.br\/index.php\/wp-json\/wp\/v2\/media?parent=31312"}],"wp:term":[{"taxonomy":"category","embeddable":true,"href":"https:\/\/www.portalalerta.com.br\/index.php\/wp-json\/wp\/v2\/categories?post=31312"},{"taxonomy":"post_tag","embeddable":true,"href":"https:\/\/www.portalalerta.com.br\/index.php\/wp-json\/wp\/v2\/tags?post=31312"}],"curies":[{"name":"wp","href":"https:\/\/api.w.org\/{rel}","templated":true}]}}