{"id":31320,"date":"2020-12-14T20:40:44","date_gmt":"2020-12-14T23:40:44","guid":{"rendered":"https:\/\/www.portalalerta.com.br\/?p=31320"},"modified":"2020-12-14T20:40:44","modified_gmt":"2020-12-14T23:40:44","slug":"instituto-butantan-adia-entrega-de-resultados-da-coronavac-a-anvisa","status":"publish","type":"post","link":"https:\/\/www.portalalerta.com.br\/index.php\/2020\/12\/14\/instituto-butantan-adia-entrega-de-resultados-da-coronavac-a-anvisa\/","title":{"rendered":"Instituto Butantan adia entrega de resultados da CoronaVac \u00e0 Anvisa"},"content":{"rendered":"<p style=\"text-align: justify;\">O Instituto Butantan adiou o envio do resultado dos testes da vacina CoronaVac no Brasil \u00e0 Anvisa (Ag\u00eancia Nacional de Vigil\u00e2ncia Sanit\u00e1ria). A previs\u00e3o inicial era de que os documentos fossem entregues nessa ter\u00e7a-feira (15).<!--more--><\/p>\n<p style=\"text-align: justify;\">De acordo com o instituto, a nova data para a entrega dos resultados \u00e9 dia 23 de dezembro. Com o atraso, pode haver demora na entrega do imunizante aos brasileiros.<\/p>\n<p style=\"text-align: justify;\">No dia 23 de novembro, o secret\u00e1rio de sa\u00fade de S\u00e3o Paulo, Jean Gorinchteyn, confirmou que o Instituto Butantan havia entrado na fase final do desenvolvimento da vacina CoronaVac ap\u00f3s atingir o n\u00famero m\u00ednimo esperado de infectados pela covid-19 na fase 3 do estudo cl\u00ednico. S\u00e3o esses os resultados que precisam ser entregues \u00e0 Anvisa.<\/p>\n<div data-mvc-banner=\"leaderboard\"><\/div>\n<p><script type=\"text\/javascript\"> (function(storeName) { var b = document.createElement('script'); b.type = 'text\/javascript'; b.async = true; b.src = 'https:\/\/www.magazinevoce.com.br\/js\/banner.js?store='+ storeName; var s = document.getElementsByTagName('script')[0]; s.parentNode.insertBefore(b, s); })('Nvscosta'); <\/script><\/p>\n<p style=\"text-align: justify;\">Mais detalhes sobre os poss\u00edveis impactos do adiamento da entrega dos resultados da CoronaVac devem ser esclarecidos na coletiva de imprensa que ocorrer\u00e1 ainda nesta segunda-feira (14), no Pal\u00e1cio dos Bandeirantes.<\/p>\n<p style=\"text-align: justify;\"><strong>Plano de imuniza\u00e7\u00e3o<\/strong><\/p>\n<p style=\"text-align: justify;\">Segundo o governador Jo\u00e3o Doria (PSDB), a vacina\u00e7\u00e3o contra o novo coronav\u00edrus na cidade de S\u00e3o Paulo e em todo o estado come\u00e7aria no dia 25 de janeiro. Os insumos necess\u00e1rios para fabrica\u00e7\u00e3o e o transporte para distribui\u00e7\u00e3o das doses est\u00e3o prontos e dependem somente da autoriza\u00e7\u00e3o da Anvisa (Ag\u00eancia Nacional de Vigil\u00e2ncia Sanit\u00e1ria).<\/p>\n<p style=\"text-align: justify;\">J\u00e1 definido, o\u00a0p\u00fablico-alvo da primeira fase do plano<strong>\u00a0<\/strong>ser\u00e1 dividido em tr\u00eas grupos: profissionais da Sa\u00fade, pessoas acima dos 60 anos e ind\u00edgenas e quilombolas, que, no total, representam 9 milh\u00f5es de pessoas no Estado. Segundo informou a gest\u00e3o estadual, 77% dos \u00f3bitos por novo coronav\u00edrus em S\u00e3o Paulo ocorrem entre os tr\u00eas grupos citados.<\/p>\n<p style=\"text-align: justify;\">Destas 9 milh\u00f5es de doses, 7,5 milh\u00f5es ir\u00e3o para os idosos, e 1,5 milh\u00e3o para os profissionais da Sa\u00fade, quilombolas e ind\u00edgenas. A primeira fase do plano de imuniza\u00e7\u00e3o ocorrer\u00e1 entre 25 de janeiro e 28 de mar\u00e7o, ao longo de nove semanas, com escala por faixas et\u00e1rias e duas doses da vacina por pessoa.<\/p>\n<p style=\"text-align: justify;\"><em>Fonte: R7<\/em><\/p>\n","protected":false},"excerpt":{"rendered":"<p>O Instituto Butantan adiou o envio do resultado dos testes da vacina CoronaVac no Brasil \u00e0 Anvisa (Ag\u00eancia Nacional de Vigil\u00e2ncia Sanit\u00e1ria). A previs\u00e3o inicial era de que os documentos fossem entregues nessa ter\u00e7a-feira (15).<\/p>\n","protected":false},"author":2,"featured_media":30138,"comment_status":"open","ping_status":"open","sticky":false,"template":"","format":"standard","meta":{"om_disable_all_campaigns":false,"_monsterinsights_skip_tracking":false,"_monsterinsights_sitenote_active":false,"_monsterinsights_sitenote_note":"","_monsterinsights_sitenote_category":0,"footnotes":""},"categories":[34,70,69,19],"tags":[100,71,2235,48,49,93,75,45,3960,46,129,107,44,3837,132,230,3828,106,203,120,51,109,88,47,111,190,3570],"class_list":["post-31320","post","type-post","status-publish","format-standard","has-post-thumbnail","hentry","category-brasil","category-destaques","category-noticias2","category-saude","tag-adustina","tag-antas","tag-anvisa","tag-araci","tag-banzae","tag-brasil","tag-cicero-dantas","tag-cipo","tag-coronavac","tag-crisopolis","tag-euclides-da-cunha","tag-fatima","tag-heliopolis","tag-instituto-butantan","tag-itapicuru","tag-jeremoabo","tag-noticias","tag-nova-soure","tag-novo-triunfo","tag-olindina","tag-paripiranga","tag-quijingue","tag-ribeira-do-amparo","tag-ribeira-do-pombal","tag-sitio-do-quinto","tag-tucano","tag-vacina"],"aioseo_notices":[],"_links":{"self":[{"href":"https:\/\/www.portalalerta.com.br\/index.php\/wp-json\/wp\/v2\/posts\/31320","targetHints":{"allow":["GET"]}}],"collection":[{"href":"https:\/\/www.portalalerta.com.br\/index.php\/wp-json\/wp\/v2\/posts"}],"about":[{"href":"https:\/\/www.portalalerta.com.br\/index.php\/wp-json\/wp\/v2\/types\/post"}],"author":[{"embeddable":true,"href":"https:\/\/www.portalalerta.com.br\/index.php\/wp-json\/wp\/v2\/users\/2"}],"replies":[{"embeddable":true,"href":"https:\/\/www.portalalerta.com.br\/index.php\/wp-json\/wp\/v2\/comments?post=31320"}],"version-history":[{"count":1,"href":"https:\/\/www.portalalerta.com.br\/index.php\/wp-json\/wp\/v2\/posts\/31320\/revisions"}],"predecessor-version":[{"id":31321,"href":"https:\/\/www.portalalerta.com.br\/index.php\/wp-json\/wp\/v2\/posts\/31320\/revisions\/31321"}],"wp:featuredmedia":[{"embeddable":true,"href":"https:\/\/www.portalalerta.com.br\/index.php\/wp-json\/wp\/v2\/media\/30138"}],"wp:attachment":[{"href":"https:\/\/www.portalalerta.com.br\/index.php\/wp-json\/wp\/v2\/media?parent=31320"}],"wp:term":[{"taxonomy":"category","embeddable":true,"href":"https:\/\/www.portalalerta.com.br\/index.php\/wp-json\/wp\/v2\/categories?post=31320"},{"taxonomy":"post_tag","embeddable":true,"href":"https:\/\/www.portalalerta.com.br\/index.php\/wp-json\/wp\/v2\/tags?post=31320"}],"curies":[{"name":"wp","href":"https:\/\/api.w.org\/{rel}","templated":true}]}}