{"id":31326,"date":"2020-12-14T20:58:21","date_gmt":"2020-12-14T23:58:21","guid":{"rendered":"https:\/\/www.portalalerta.com.br\/?p=31326"},"modified":"2020-12-14T20:58:21","modified_gmt":"2020-12-14T23:58:21","slug":"operacao-faroeste-ediene-lousado-e-afastada-de-cargo-apos-decisao-do-stj","status":"publish","type":"post","link":"https:\/\/www.portalalerta.com.br\/index.php\/2020\/12\/14\/operacao-faroeste-ediene-lousado-e-afastada-de-cargo-apos-decisao-do-stj\/","title":{"rendered":"Opera\u00e7\u00e3o Faroeste: Ediene Lousado \u00e9 afastada de cargo ap\u00f3s decis\u00e3o do STJ"},"content":{"rendered":"<p style=\"text-align: justify;\">A ex-chefe do Minist\u00e9rio P\u00fablico da Bahia (MP-BA) e indicada \u00e0 fun\u00e7\u00e3o de conselheira do Conselho Nacional do Minist\u00e9rio P\u00fablico (CNMP), Ediene Lousado, tamb\u00e9m foi afastada do cargo na manh\u00e3 de hoje. A medida \u00e9 parte da Opera\u00e7\u00e3o Faroeste, deflagrada pela Pol\u00edcia Federal (PF) contra desembargadores, advogados e outras autoridades.<!--more--><\/p>\n<p style=\"text-align: justify;\"><img fetchpriority=\"high\" decoding=\"async\" class=\"size-thumbnail wp-image-9394 alignleft\" src=\"https:\/\/www.portalalerta.com.br\/wp-content\/uploads\/2018\/07\/05elab-320x240.jpg\" alt=\"\" width=\"320\" height=\"240\" srcset=\"https:\/\/www.portalalerta.com.br\/wp-content\/uploads\/2018\/07\/05elab-320x240.jpg 320w, https:\/\/www.portalalerta.com.br\/wp-content\/uploads\/2018\/07\/05elab-195x146.jpg 195w, https:\/\/www.portalalerta.com.br\/wp-content\/uploads\/2018\/07\/05elab-50x38.jpg 50w, https:\/\/www.portalalerta.com.br\/wp-content\/uploads\/2018\/07\/05elab-100x75.jpg 100w, https:\/\/www.portalalerta.com.br\/wp-content\/uploads\/2018\/07\/05elab.jpg 400w\" sizes=\"(max-width: 320px) 100vw, 320px\" \/>Ela dever\u00e1 se manter afastada de suas fun\u00e7\u00f5es como promotora de Justi\u00e7a por 180 dias, de acordo com o site Bahia Not\u00edcias. Al\u00e9m de Ediene, a opera\u00e7\u00e3o tamb\u00e9m alcan\u00e7ou o secret\u00e1rio de Seguran\u00e7a P\u00fablica da Bahia, Maur\u00edcio Barbosa, que tamb\u00e9m teve seu afastamento decretado pelo Superior Tribunal de Justi\u00e7a, atrav\u00e9s do ministro Og Fernandes. Ele ainda determinou a pris\u00e3o das desembargadoras L\u00edgia Maria Ramos Cunha Lima e Ilona M\u00e1rcia Reis, ambas do TJ baiano. <a href=\"https:\/\/www.portalalerta.com.br\/index.php\/2020\/12\/14\/operacao-da-pf-cumpre-mandados-na-bahia-titular-da-ssp-ba-e-alvo-de-investigacao\/\"><strong>Relembre\u00a0<\/strong><\/a><\/p>\n<p style=\"text-align: justify;\">Com o aprofundamento das investiga\u00e7\u00f5es e a deflagra\u00e7\u00e3o de outras fases da Opera\u00e7\u00e3o Faroeste pelo MPF, foi descoberto tamb\u00e9m o envolvimento de integrantes do alto escal\u00e3o e de servidores do Minist\u00e9rio P\u00fablico do Estado da Bahia, de servidores da Secretaria de Seguran\u00e7a P\u00fablica do Estado da Bahia (SSP\/BA) e de advogados, segundo investigadores.<\/p>\n<p style=\"text-align: justify;\"><em>Fonte: Metro1<\/em><\/p>\n","protected":false},"excerpt":{"rendered":"<p>A ex-chefe do Minist\u00e9rio P\u00fablico da Bahia (MP-BA) e indicada \u00e0 fun\u00e7\u00e3o de conselheira do Conselho Nacional do Minist\u00e9rio P\u00fablico (CNMP), Ediene Lousado, tamb\u00e9m foi afastada do cargo na manh\u00e3 de hoje. A medida \u00e9 parte da Opera\u00e7\u00e3o Faroeste, deflagrada pela Pol\u00edcia Federal (PF) contra desembargadores, advogados e outras autoridades.<\/p>\n","protected":false},"author":2,"featured_media":31327,"comment_status":"open","ping_status":"open","sticky":false,"template":"","format":"standard","meta":{"om_disable_all_campaigns":false,"_monsterinsights_skip_tracking":false,"_monsterinsights_sitenote_active":false,"_monsterinsights_sitenote_note":"","_monsterinsights_sitenote_category":0,"footnotes":""},"categories":[33,70,69,22],"tags":[100,1120,71,48,49,75,45,46,4075,129,107,44,132,230,352,3828,106,203,120,3239,51,109,88,47,111,190],"class_list":["post-31326","post","type-post","status-publish","format-standard","has-post-thumbnail","hentry","category-bahia","category-destaques","category-noticias2","category-seguranca","tag-adustina","tag-afastamento","tag-antas","tag-araci","tag-banzae","tag-cicero-dantas","tag-cipo","tag-crisopolis","tag-ediene-lousado","tag-euclides-da-cunha","tag-fatima","tag-heliopolis","tag-itapicuru","tag-jeremoabo","tag-ministerio-publico","tag-noticias","tag-nova-soure","tag-novo-triunfo","tag-olindina","tag-operacao-faroeste","tag-paripiranga","tag-quijingue","tag-ribeira-do-amparo","tag-ribeira-do-pombal","tag-sitio-do-quinto","tag-tucano"],"aioseo_notices":[],"_links":{"self":[{"href":"https:\/\/www.portalalerta.com.br\/index.php\/wp-json\/wp\/v2\/posts\/31326","targetHints":{"allow":["GET"]}}],"collection":[{"href":"https:\/\/www.portalalerta.com.br\/index.php\/wp-json\/wp\/v2\/posts"}],"about":[{"href":"https:\/\/www.portalalerta.com.br\/index.php\/wp-json\/wp\/v2\/types\/post"}],"author":[{"embeddable":true,"href":"https:\/\/www.portalalerta.com.br\/index.php\/wp-json\/wp\/v2\/users\/2"}],"replies":[{"embeddable":true,"href":"https:\/\/www.portalalerta.com.br\/index.php\/wp-json\/wp\/v2\/comments?post=31326"}],"version-history":[{"count":1,"href":"https:\/\/www.portalalerta.com.br\/index.php\/wp-json\/wp\/v2\/posts\/31326\/revisions"}],"predecessor-version":[{"id":31328,"href":"https:\/\/www.portalalerta.com.br\/index.php\/wp-json\/wp\/v2\/posts\/31326\/revisions\/31328"}],"wp:featuredmedia":[{"embeddable":true,"href":"https:\/\/www.portalalerta.com.br\/index.php\/wp-json\/wp\/v2\/media\/31327"}],"wp:attachment":[{"href":"https:\/\/www.portalalerta.com.br\/index.php\/wp-json\/wp\/v2\/media?parent=31326"}],"wp:term":[{"taxonomy":"category","embeddable":true,"href":"https:\/\/www.portalalerta.com.br\/index.php\/wp-json\/wp\/v2\/categories?post=31326"},{"taxonomy":"post_tag","embeddable":true,"href":"https:\/\/www.portalalerta.com.br\/index.php\/wp-json\/wp\/v2\/tags?post=31326"}],"curies":[{"name":"wp","href":"https:\/\/api.w.org\/{rel}","templated":true}]}}