{"id":31329,"date":"2020-12-14T21:05:07","date_gmt":"2020-12-15T00:05:07","guid":{"rendered":"https:\/\/www.portalalerta.com.br\/?p=31329"},"modified":"2020-12-14T21:05:07","modified_gmt":"2020-12-15T00:05:07","slug":"homem-de-37-anos-morre-em-decorrencia-da-covid-19-em-ribeira-do-pombal-ba","status":"publish","type":"post","link":"https:\/\/www.portalalerta.com.br\/index.php\/2020\/12\/14\/homem-de-37-anos-morre-em-decorrencia-da-covid-19-em-ribeira-do-pombal-ba\/","title":{"rendered":"Homem de 37 anos morre em decorr\u00eancia da Covid-19 em Ribeira do Pombal-BA"},"content":{"rendered":"<p style=\"text-align: justify;\">Um homem de apenas 37 anos de idade foi a 28\u00aa v\u00edtima fatal da Covid-19 (Coronav\u00edrus), em Ribeira do Pombal-BA.<!--more--><\/p>\n<p style=\"text-align: justify;\">De acordo com a nota divulgada pela Secretaria Municipal de Sa\u00fade, o rapaz que era hipertenso, deu entrada na Unidade de Pronto Atendimento ao Covid-19 da cidade, apresentando sintomas para a doen\u00e7a, que foi confirmada mediante exame RT-PCR. Posteriormente, o rapaz apresentou piora em seu quadro cl\u00ednico, necessitando ser transferido para a Capital Baiana, onde evoluiu a \u00f3bito nesta segunda-feira, 14.<\/p>\n<p style=\"text-align: justify;\"><img fetchpriority=\"high\" decoding=\"async\" class=\"size-thumbnail wp-image-31138 aligncenter\" src=\"https:\/\/www.portalalerta.com.br\/wp-content\/uploads\/2020\/12\/Real-natal-2020-720x92.jpeg\" alt=\"\" width=\"720\" height=\"92\" \/>Embora a nota n\u00e3o tenha divulgado a identidade do paciente, conforme protocolo adotado desde o in\u00edcio da pandemia, a not\u00edcia da morte do referido paciente foi amplamente divulgada nas redes sociais por amigos do mesmo, o identificando como Nilton Santos.<\/p>\n<p style=\"text-align: justify;\">Al\u00e9m da morte de Nilton, a Secretaria de Sa\u00fade divulgou o Boletim Epidemiol\u00f3gico, onde consta que o munic\u00edpio j\u00e1 registrou 1.245 casos, sendo que apenas 32 est\u00e3o ativos (3%), 1.185 j\u00e1 foram curados (95%), e 28 morreram (2%).<\/p>\n<p style=\"text-align: justify;\"><a href=\"https:\/\/www.portalalerta.com.br\/index.php\/2020\/05\/26\/saiba-como-esta-a-evolucao-do-covid-19-em-ribeira-do-pombal-ba\/\"><strong style=\"font-style: inherit;\">Clique aqui e saiba como est\u00e1 a evolu\u00e7\u00e3o do Covid-19 em Ribeira do Pombal-BA<\/strong><\/a><\/p>\n<p style=\"text-align: justify;\"><em style=\"font-weight: inherit;\">Reda\u00e7\u00e3o: Portal Alerta<\/em><\/p>\n<p style=\"text-align: justify;\"><em style=\"font-weight: inherit;\"><strong>#fiqueemcasa\u00a0\u00a0\u00a0\u00a0<\/strong><\/em><\/p>\n<p style=\"text-align: justify;\"><em style=\"font-weight: inherit;\"><strong>#usemascaras<\/strong><\/em><\/p>\n","protected":false},"excerpt":{"rendered":"<p>Um homem de apenas 37 anos de idade foi a 28\u00aa v\u00edtima fatal da Covid-19 (Coronav\u00edrus), em Ribeira do Pombal-BA.<\/p>\n","protected":false},"author":2,"featured_media":31331,"comment_status":"open","ping_status":"open","sticky":false,"template":"","format":"standard","meta":{"om_disable_all_campaigns":false,"_monsterinsights_skip_tracking":false,"_monsterinsights_sitenote_active":false,"_monsterinsights_sitenote_note":"","_monsterinsights_sitenote_category":0,"footnotes":""},"categories":[70,69,32,3,19],"tags":[100,71,48,49,75,45,3429,3486,46,3841,129,107,44,3724,132,230,169,3828,106,203,120,51,109,88,47,61,111,190],"class_list":["post-31329","post","type-post","status-publish","format-standard","has-post-thumbnail","hentry","category-destaques","category-noticias2","category-regiao","category-ribeira-do-pombal","category-saude","tag-adustina","tag-antas","tag-araci","tag-banzae","tag-cicero-dantas","tag-cipo","tag-coronavirus","tag-covid-19","tag-crisopolis","tag-curados","tag-euclides-da-cunha","tag-fatima","tag-heliopolis","tag-infeccao","tag-itapicuru","tag-jeremoabo","tag-morte","tag-noticias","tag-nova-soure","tag-novo-triunfo","tag-olindina","tag-paripiranga","tag-quijingue","tag-ribeira-do-amparo","tag-ribeira-do-pombal","tag-saude","tag-sitio-do-quinto","tag-tucano"],"aioseo_notices":[],"_links":{"self":[{"href":"https:\/\/www.portalalerta.com.br\/index.php\/wp-json\/wp\/v2\/posts\/31329","targetHints":{"allow":["GET"]}}],"collection":[{"href":"https:\/\/www.portalalerta.com.br\/index.php\/wp-json\/wp\/v2\/posts"}],"about":[{"href":"https:\/\/www.portalalerta.com.br\/index.php\/wp-json\/wp\/v2\/types\/post"}],"author":[{"embeddable":true,"href":"https:\/\/www.portalalerta.com.br\/index.php\/wp-json\/wp\/v2\/users\/2"}],"replies":[{"embeddable":true,"href":"https:\/\/www.portalalerta.com.br\/index.php\/wp-json\/wp\/v2\/comments?post=31329"}],"version-history":[{"count":2,"href":"https:\/\/www.portalalerta.com.br\/index.php\/wp-json\/wp\/v2\/posts\/31329\/revisions"}],"predecessor-version":[{"id":31332,"href":"https:\/\/www.portalalerta.com.br\/index.php\/wp-json\/wp\/v2\/posts\/31329\/revisions\/31332"}],"wp:featuredmedia":[{"embeddable":true,"href":"https:\/\/www.portalalerta.com.br\/index.php\/wp-json\/wp\/v2\/media\/31331"}],"wp:attachment":[{"href":"https:\/\/www.portalalerta.com.br\/index.php\/wp-json\/wp\/v2\/media?parent=31329"}],"wp:term":[{"taxonomy":"category","embeddable":true,"href":"https:\/\/www.portalalerta.com.br\/index.php\/wp-json\/wp\/v2\/categories?post=31329"},{"taxonomy":"post_tag","embeddable":true,"href":"https:\/\/www.portalalerta.com.br\/index.php\/wp-json\/wp\/v2\/tags?post=31329"}],"curies":[{"name":"wp","href":"https:\/\/api.w.org\/{rel}","templated":true}]}}