{"id":31337,"date":"2020-12-15T14:02:32","date_gmt":"2020-12-15T17:02:32","guid":{"rendered":"https:\/\/www.portalalerta.com.br\/?p=31337"},"modified":"2020-12-15T14:02:32","modified_gmt":"2020-12-15T17:02:32","slug":"maioria-dos-brasileiros-isenta-bolsonaro-por-mortes-na-pandemia-aponta-datafolha","status":"publish","type":"post","link":"https:\/\/www.portalalerta.com.br\/index.php\/2020\/12\/15\/maioria-dos-brasileiros-isenta-bolsonaro-por-mortes-na-pandemia-aponta-datafolha\/","title":{"rendered":"Maioria dos brasileiros isenta Bolsonaro por mortes na pandemia, aponta Datafolha"},"content":{"rendered":"<p style=\"text-align: justify;\">Na avalia\u00e7\u00e3o da maioria dos brasileiros, as mais de 181 mil mortes registradas no Brasil pela Covid-19 n\u00e3o podem ser colocadas na conta do presidente da Rep\u00fablica, Jair Bolsonaro. \u00c9 o que aponta o Datafolha.<!--more--><\/p>\n<p style=\"text-align: justify;\">Para 52% dos entrevistados, Bolsonaro n\u00e3o tem nenhuma culpa pelo total de mortos pelo novo coronav\u00edrus no Brasil. Outros 38% disseram crer que o presidente \u00e9 um dos culpados, mas n\u00e3o o principal, e 8% afirmaram que ele \u00e9 o principal culpado pelas mortes.<\/p>\n<div data-mvc-banner=\"leaderboard\"><\/div>\n<p><script type=\"text\/javascript\"> (function(storeName) { var b = document.createElement('script'); b.type = 'text\/javascript'; b.async = true; b.src = 'https:\/\/www.magazinevoce.com.br\/js\/banner.js?store='+ storeName; var s = document.getElementsByTagName('script')[0]; s.parentNode.insertBefore(b, s); })('Nvscosta'); <\/script><\/p>\n<p style=\"text-align: justify;\">Isso representa um crescimento da parcela da popula\u00e7\u00e3o que isenta o presidente: eram 47% os que diziam que ele n\u00e3o tinha culpa nenhuma em pesquisa feita pelo Datafolha em agosto.<\/p>\n<p style=\"text-align: justify;\">Ainda segundo o Datafolha, embora a maioria da popula\u00e7\u00e3o isente Bolsonaro da responsabilidade pelas mortes, isso n\u00e3o quer dizer que o desempenho do chefe do Executivo \u00e9 bem avaliado pela popula\u00e7\u00e3o brasileira.<\/p>\n<p style=\"text-align: justify;\">Dos entrevistados, 42% avaliam como ruim ou p\u00e9ssima a atua\u00e7\u00e3o de Bolsonaro em rela\u00e7\u00e3o \u00e0 pandemia. J\u00e1 27% veem as a\u00e7\u00f5es do presidente como regulares, e 30% avaliam como \u00f3timas ou boas.<\/p>\n<p style=\"text-align: justify;\"><em>Fonte: A Tarde<\/em><\/p>\n","protected":false},"excerpt":{"rendered":"<p>Na avalia\u00e7\u00e3o da maioria dos brasileiros, as mais de 181 mil mortes registradas no Brasil pela Covid-19 n\u00e3o podem ser colocadas na conta do presidente da Rep\u00fablica, Jair Bolsonaro. \u00c9 o que aponta o Datafolha.<\/p>\n","protected":false},"author":2,"featured_media":23997,"comment_status":"open","ping_status":"open","sticky":false,"template":"","format":"standard","meta":{"om_disable_all_campaigns":false,"_monsterinsights_skip_tracking":false,"_monsterinsights_sitenote_active":false,"_monsterinsights_sitenote_note":"","_monsterinsights_sitenote_category":0,"footnotes":""},"categories":[34,70,69,21,19],"tags":[100,71,48,49,93,75,45,3429,3486,46,129,107,44,132,230,3828,106,203,120,3849,51,335,109,88,47,61,111,190],"class_list":["post-31337","post","type-post","status-publish","format-standard","has-post-thumbnail","hentry","category-brasil","category-destaques","category-noticias2","category-politica","category-saude","tag-adustina","tag-antas","tag-araci","tag-banzae","tag-brasil","tag-cicero-dantas","tag-cipo","tag-coronavirus","tag-covid-19","tag-crisopolis","tag-euclides-da-cunha","tag-fatima","tag-heliopolis","tag-itapicuru","tag-jeremoabo","tag-noticias","tag-nova-soure","tag-novo-triunfo","tag-olindina","tag-opiniao-publica","tag-paripiranga","tag-pesquisa","tag-quijingue","tag-ribeira-do-amparo","tag-ribeira-do-pombal","tag-saude","tag-sitio-do-quinto","tag-tucano"],"aioseo_notices":[],"_links":{"self":[{"href":"https:\/\/www.portalalerta.com.br\/index.php\/wp-json\/wp\/v2\/posts\/31337","targetHints":{"allow":["GET"]}}],"collection":[{"href":"https:\/\/www.portalalerta.com.br\/index.php\/wp-json\/wp\/v2\/posts"}],"about":[{"href":"https:\/\/www.portalalerta.com.br\/index.php\/wp-json\/wp\/v2\/types\/post"}],"author":[{"embeddable":true,"href":"https:\/\/www.portalalerta.com.br\/index.php\/wp-json\/wp\/v2\/users\/2"}],"replies":[{"embeddable":true,"href":"https:\/\/www.portalalerta.com.br\/index.php\/wp-json\/wp\/v2\/comments?post=31337"}],"version-history":[{"count":1,"href":"https:\/\/www.portalalerta.com.br\/index.php\/wp-json\/wp\/v2\/posts\/31337\/revisions"}],"predecessor-version":[{"id":31338,"href":"https:\/\/www.portalalerta.com.br\/index.php\/wp-json\/wp\/v2\/posts\/31337\/revisions\/31338"}],"wp:featuredmedia":[{"embeddable":true,"href":"https:\/\/www.portalalerta.com.br\/index.php\/wp-json\/wp\/v2\/media\/23997"}],"wp:attachment":[{"href":"https:\/\/www.portalalerta.com.br\/index.php\/wp-json\/wp\/v2\/media?parent=31337"}],"wp:term":[{"taxonomy":"category","embeddable":true,"href":"https:\/\/www.portalalerta.com.br\/index.php\/wp-json\/wp\/v2\/categories?post=31337"},{"taxonomy":"post_tag","embeddable":true,"href":"https:\/\/www.portalalerta.com.br\/index.php\/wp-json\/wp\/v2\/tags?post=31337"}],"curies":[{"name":"wp","href":"https:\/\/api.w.org\/{rel}","templated":true}]}}