{"id":31339,"date":"2020-12-15T14:07:53","date_gmt":"2020-12-15T17:07:53","guid":{"rendered":"https:\/\/www.portalalerta.com.br\/?p=31339"},"modified":"2020-12-15T14:07:53","modified_gmt":"2020-12-15T17:07:53","slug":"subsecretario-assume-secretaria-de-seguranca-apos-exoneracao-de-mauricio-barbosa","status":"publish","type":"post","link":"https:\/\/www.portalalerta.com.br\/index.php\/2020\/12\/15\/subsecretario-assume-secretaria-de-seguranca-apos-exoneracao-de-mauricio-barbosa\/","title":{"rendered":"Subsecret\u00e1rio assume Secretaria de Seguran\u00e7a ap\u00f3s exonera\u00e7\u00e3o de Maur\u00edcio Barbosa"},"content":{"rendered":"<p style=\"text-align: justify;\">Ap\u00f3s afastamento do Secret\u00e1rio da Seguran\u00e7a P\u00fablica da Bahia (SSP), Maur\u00edcio Barbosa, o subsecret\u00e1rio Ary Pereira de Oliveira foi nomeado para assumir o cargo interinamente. A informa\u00e7\u00e3o foi publicada nesta ter\u00e7a-feira (15) no Di\u00e1rio Oficial do Estado (DOE). O documento confirma a exonera\u00e7\u00e3o do secret\u00e1rio juntamente com a chefe de gabinete da SSP, Gabriela Caldas Macedo.<!--more--><\/p>\n<p style=\"text-align: justify;\"><img fetchpriority=\"high\" decoding=\"async\" class=\"size-thumbnail wp-image-9394 alignleft\" src=\"https:\/\/www.portalalerta.com.br\/wp-content\/uploads\/2018\/07\/05elab-320x240.jpg\" alt=\"\" width=\"320\" height=\"240\" srcset=\"https:\/\/www.portalalerta.com.br\/wp-content\/uploads\/2018\/07\/05elab-320x240.jpg 320w, https:\/\/www.portalalerta.com.br\/wp-content\/uploads\/2018\/07\/05elab-195x146.jpg 195w, https:\/\/www.portalalerta.com.br\/wp-content\/uploads\/2018\/07\/05elab-50x38.jpg 50w, https:\/\/www.portalalerta.com.br\/wp-content\/uploads\/2018\/07\/05elab-100x75.jpg 100w, https:\/\/www.portalalerta.com.br\/wp-content\/uploads\/2018\/07\/05elab.jpg 400w\" sizes=\"(max-width: 320px) 100vw, 320px\" \/>Os dois representantes da secretaria foram afastados por um ano, por decis\u00e3o do Superior Tribunal Federal (STF), acusados pelo Minist\u00e9rio P\u00fablico Federal (MPF) de participarem de um esquema de venda de senten\u00e7as, deflagrado pela Opera\u00e7\u00e3o Faroeste.<\/p>\n<p style=\"text-align: justify;\">A organiza\u00e7\u00e3o criminosa foi descoberta a partir da opera\u00e7\u00e3o do MPF iniciada em\u00a0novembro do ano passado, com o objetivo de desvendar um suposto esquema de vendas de decis\u00f5es judiciais na Bahia (TJBA). No decorrer da investiga\u00e7\u00e3o, que iniciou suspeitando apenas de quatro desembargadores, foi descoberta a participa\u00e7\u00e3o de magistrados, integrantes do alto escal\u00e3o, servidores do MPF\/Ba e da SSP\/Ba e advogados.<\/p>\n<p style=\"text-align: justify;\"><em>Fonte: Metro1<\/em><\/p>\n","protected":false},"excerpt":{"rendered":"<p>Ap\u00f3s afastamento do Secret\u00e1rio da Seguran\u00e7a P\u00fablica da Bahia (SSP), Maur\u00edcio Barbosa, o subsecret\u00e1rio Ary Pereira de Oliveira foi nomeado para assumir o cargo interinamente. A informa\u00e7\u00e3o foi publicada nesta ter\u00e7a-feira (15) no Di\u00e1rio Oficial do Estado (DOE). O documento confirma a exonera\u00e7\u00e3o do secret\u00e1rio juntamente com a chefe de gabinete da SSP, Gabriela Caldas &hellip;<\/p>\n","protected":false},"author":2,"featured_media":31340,"comment_status":"open","ping_status":"open","sticky":false,"template":"","format":"standard","meta":{"om_disable_all_campaigns":false,"_monsterinsights_skip_tracking":false,"_monsterinsights_sitenote_active":false,"_monsterinsights_sitenote_note":"","_monsterinsights_sitenote_category":0,"footnotes":""},"categories":[33,70,69,22],"tags":[100,71,48,4076,54,49,75,45,46,129,107,44,132,230,3828,106,203,120,51,109,88,47,828,111,256,190],"class_list":["post-31339","post","type-post","status-publish","format-standard","has-post-thumbnail","hentry","category-bahia","category-destaques","category-noticias2","category-seguranca","tag-adustina","tag-antas","tag-araci","tag-ary-pereira-de-oliveira","tag-bahia","tag-banzae","tag-cicero-dantas","tag-cipo","tag-crisopolis","tag-euclides-da-cunha","tag-fatima","tag-heliopolis","tag-itapicuru","tag-jeremoabo","tag-noticias","tag-nova-soure","tag-novo-triunfo","tag-olindina","tag-paripiranga","tag-quijingue","tag-ribeira-do-amparo","tag-ribeira-do-pombal","tag-secretario-de-seguranca-publica","tag-sitio-do-quinto","tag-ssp","tag-tucano"],"aioseo_notices":[],"_links":{"self":[{"href":"https:\/\/www.portalalerta.com.br\/index.php\/wp-json\/wp\/v2\/posts\/31339","targetHints":{"allow":["GET"]}}],"collection":[{"href":"https:\/\/www.portalalerta.com.br\/index.php\/wp-json\/wp\/v2\/posts"}],"about":[{"href":"https:\/\/www.portalalerta.com.br\/index.php\/wp-json\/wp\/v2\/types\/post"}],"author":[{"embeddable":true,"href":"https:\/\/www.portalalerta.com.br\/index.php\/wp-json\/wp\/v2\/users\/2"}],"replies":[{"embeddable":true,"href":"https:\/\/www.portalalerta.com.br\/index.php\/wp-json\/wp\/v2\/comments?post=31339"}],"version-history":[{"count":1,"href":"https:\/\/www.portalalerta.com.br\/index.php\/wp-json\/wp\/v2\/posts\/31339\/revisions"}],"predecessor-version":[{"id":31341,"href":"https:\/\/www.portalalerta.com.br\/index.php\/wp-json\/wp\/v2\/posts\/31339\/revisions\/31341"}],"wp:featuredmedia":[{"embeddable":true,"href":"https:\/\/www.portalalerta.com.br\/index.php\/wp-json\/wp\/v2\/media\/31340"}],"wp:attachment":[{"href":"https:\/\/www.portalalerta.com.br\/index.php\/wp-json\/wp\/v2\/media?parent=31339"}],"wp:term":[{"taxonomy":"category","embeddable":true,"href":"https:\/\/www.portalalerta.com.br\/index.php\/wp-json\/wp\/v2\/categories?post=31339"},{"taxonomy":"post_tag","embeddable":true,"href":"https:\/\/www.portalalerta.com.br\/index.php\/wp-json\/wp\/v2\/tags?post=31339"}],"curies":[{"name":"wp","href":"https:\/\/api.w.org\/{rel}","templated":true}]}}