{"id":31352,"date":"2020-12-16T09:17:17","date_gmt":"2020-12-16T12:17:17","guid":{"rendered":"https:\/\/www.portalalerta.com.br\/?p=31352"},"modified":"2020-12-16T09:17:17","modified_gmt":"2020-12-16T12:17:18","slug":"apos-pedido-de-aras-pf-vai-ouvir-ex-assessor-de-rodrigo-maia-acusado-de-operar-recebimento-de-caixa-dois","status":"publish","type":"post","link":"https:\/\/www.portalalerta.com.br\/index.php\/2020\/12\/16\/apos-pedido-de-aras-pf-vai-ouvir-ex-assessor-de-rodrigo-maia-acusado-de-operar-recebimento-de-caixa-dois\/","title":{"rendered":"Ap\u00f3s pedido de Aras, PF vai ouvir ex-assessor de Rodrigo Maia acusado de operar recebimento de caixa dois"},"content":{"rendered":"<p style=\"text-align: justify;\">A Pol\u00edcia Federal vai tomar o depoimento de um ex-assessor do presidente da C\u00e2mara, Rodrigo Maia (DEM-RJ), e de outros emiss\u00e1rios acusados, por delatores da empreiteira OAS, de operar o recebimento de recursos via caixa dois em nome do parlamentar. As dilig\u00eancias foram autorizadas pelo ministro do Supremo Tribunal Federal (STF) Edson Fachin, ap\u00f3s pedido do procurador-geral da Rep\u00fablica, Augusto Aras, que reabriu investiga\u00e7\u00e3o contra Maia. A PF tamb\u00e9m vai ouvir ex-diretores da OAS que possam ter informa\u00e7\u00f5es sobre os supostos pagamentos a Maia.<!--more--><\/p>\n<p style=\"text-align: justify;\"><img fetchpriority=\"high\" decoding=\"async\" class=\"size-thumbnail wp-image-4869 aligncenter\" src=\"https:\/\/www.portalalerta.com.br\/wp-content\/uploads\/2018\/02\/Auto-Escola-Nobre-720x181.jpg\" alt=\"\" width=\"720\" height=\"181\" srcset=\"https:\/\/www.portalalerta.com.br\/wp-content\/uploads\/2018\/02\/Auto-Escola-Nobre.jpg 720w, https:\/\/www.portalalerta.com.br\/wp-content\/uploads\/2018\/02\/Auto-Escola-Nobre-260x65.jpg 260w, https:\/\/www.portalalerta.com.br\/wp-content\/uploads\/2018\/02\/Auto-Escola-Nobre-50x13.jpg 50w, https:\/\/www.portalalerta.com.br\/wp-content\/uploads\/2018\/02\/Auto-Escola-Nobre-150x38.jpg 150w\" sizes=\"(max-width: 720px) 100vw, 720px\" \/>A reabertura da investiga\u00e7\u00e3o foi revelada pelo GLOBO no fim de outubro. O inqu\u00e9rito j\u00e1 foi recebido pela PF, e as dilig\u00eancias come\u00e7am a ser analisadas pelos investigadores. A suspeita \u00e9 que Maia tenha recebido pagamentos da OAS de ao menos R$ 1 milh\u00e3o, em 2012 e 2014, em troca da atua\u00e7\u00e3o em favor da empreiteira em mat\u00e9rias em tramita\u00e7\u00e3o no Congresso Nacional. Em uma manifesta\u00e7\u00e3o de 29 p\u00e1ginas na qual descreveu as dilig\u00eancias necess\u00e1rias a serem feitas contra Maia, Aras afirmou que h\u00e1 ind\u00edcios do pagamento de \u201cvultosos valores em esp\u00e9cie\u201d a representantes de Rodrigo Maia.<\/p>\n<p style=\"text-align: justify;\">Cr\u00edtica: Aras ataca for\u00e7as-tarefas e diz que \u00e9 o &#8216;CPF&#8217; dele que responde por eventuais erros<\/p>\n<p style=\"text-align: justify;\">\u201cTais atos envolviam o pagamento de vantagens il\u00edcitas ao citado deputado, feitas n\u00e3o apenas por meio de doa\u00e7\u00f5es eleitorais oficiais, mas tamb\u00e9m mediante pagamentos de vultosos valores em esp\u00e9cie a seus prepostos\u201d, escreveu Aras a Fachin.Leia mais aqui<\/p>\n<p style=\"text-align: justify;\"><em>Fonte: Yahoo Not\u00edcias<\/em><\/p>\n","protected":false},"excerpt":{"rendered":"<p>A Pol\u00edcia Federal vai tomar o depoimento de um ex-assessor do presidente da C\u00e2mara, Rodrigo Maia (DEM-RJ), e de outros emiss\u00e1rios acusados, por delatores da empreiteira OAS, de operar o recebimento de recursos via caixa dois em nome do parlamentar. As dilig\u00eancias foram autorizadas pelo ministro do Supremo Tribunal Federal (STF) Edson Fachin, ap\u00f3s pedido &hellip;<\/p>\n","protected":false},"author":2,"featured_media":3203,"comment_status":"open","ping_status":"open","sticky":false,"template":"","format":"standard","meta":{"om_disable_all_campaigns":false,"_monsterinsights_skip_tracking":false,"_monsterinsights_sitenote_active":false,"_monsterinsights_sitenote_note":"","_monsterinsights_sitenote_category":0,"footnotes":""},"categories":[34,70,69,21],"tags":[100,71,48,49,93,406,75,45,46,129,107,44,132,230,3828,106,203,120,51,411,109,88,47,189,111,190],"class_list":["post-31352","post","type-post","status-publish","format-standard","has-post-thumbnail","hentry","category-brasil","category-destaques","category-noticias2","category-politica","tag-adustina","tag-antas","tag-araci","tag-banzae","tag-brasil","tag-caixa-2","tag-cicero-dantas","tag-cipo","tag-crisopolis","tag-euclides-da-cunha","tag-fatima","tag-heliopolis","tag-itapicuru","tag-jeremoabo","tag-noticias","tag-nova-soure","tag-novo-triunfo","tag-olindina","tag-paripiranga","tag-pgr","tag-quijingue","tag-ribeira-do-amparo","tag-ribeira-do-pombal","tag-rodrigo-maia","tag-sitio-do-quinto","tag-tucano"],"aioseo_notices":[],"_links":{"self":[{"href":"https:\/\/www.portalalerta.com.br\/index.php\/wp-json\/wp\/v2\/posts\/31352","targetHints":{"allow":["GET"]}}],"collection":[{"href":"https:\/\/www.portalalerta.com.br\/index.php\/wp-json\/wp\/v2\/posts"}],"about":[{"href":"https:\/\/www.portalalerta.com.br\/index.php\/wp-json\/wp\/v2\/types\/post"}],"author":[{"embeddable":true,"href":"https:\/\/www.portalalerta.com.br\/index.php\/wp-json\/wp\/v2\/users\/2"}],"replies":[{"embeddable":true,"href":"https:\/\/www.portalalerta.com.br\/index.php\/wp-json\/wp\/v2\/comments?post=31352"}],"version-history":[{"count":1,"href":"https:\/\/www.portalalerta.com.br\/index.php\/wp-json\/wp\/v2\/posts\/31352\/revisions"}],"predecessor-version":[{"id":31353,"href":"https:\/\/www.portalalerta.com.br\/index.php\/wp-json\/wp\/v2\/posts\/31352\/revisions\/31353"}],"wp:featuredmedia":[{"embeddable":true,"href":"https:\/\/www.portalalerta.com.br\/index.php\/wp-json\/wp\/v2\/media\/3203"}],"wp:attachment":[{"href":"https:\/\/www.portalalerta.com.br\/index.php\/wp-json\/wp\/v2\/media?parent=31352"}],"wp:term":[{"taxonomy":"category","embeddable":true,"href":"https:\/\/www.portalalerta.com.br\/index.php\/wp-json\/wp\/v2\/categories?post=31352"},{"taxonomy":"post_tag","embeddable":true,"href":"https:\/\/www.portalalerta.com.br\/index.php\/wp-json\/wp\/v2\/tags?post=31352"}],"curies":[{"name":"wp","href":"https:\/\/api.w.org\/{rel}","templated":true}]}}