{"id":31354,"date":"2020-12-16T09:19:03","date_gmt":"2020-12-16T12:19:03","guid":{"rendered":"https:\/\/www.portalalerta.com.br\/?p=31354"},"modified":"2020-12-16T09:23:36","modified_gmt":"2020-12-16T12:23:36","slug":"contas-da-camara-de-vereadores-de-ribeira-do-pombal-ba-ano-2019-sao-aprovadas","status":"publish","type":"post","link":"https:\/\/www.portalalerta.com.br\/index.php\/2020\/12\/16\/contas-da-camara-de-vereadores-de-ribeira-do-pombal-ba-ano-2019-sao-aprovadas\/","title":{"rendered":"Contas da C\u00e2mara de Vereadores de Ribeira do Pombal-BA, ano 2019, s\u00e3o aprovadas"},"content":{"rendered":"<p style=\"text-align: justify;\">A 2\u00aa C\u00e2mara do Tribunal de Contas dos Munic\u00edpios, na ter\u00e7a-feira, 15, aprovou, com ressalvas, as contas das c\u00e2maras de vereadores de mais 14 munic\u00edpios do estado, todas referentes ao exerc\u00edcio de 2019, entre elas as contas da C\u00e2mara de Vereadores de Ribeira do Pombal-BA, que tem como presidente o vereador Bebeto.<!--more--><\/p>\n<p style=\"text-align: justify;\"><img fetchpriority=\"high\" decoding=\"async\" class=\"size-thumbnail wp-image-31138 aligncenter\" src=\"https:\/\/www.portalalerta.com.br\/wp-content\/uploads\/2020\/12\/Real-natal-2020-720x92.jpeg\" alt=\"\" width=\"720\" height=\"92\" \/>Apesar da ressalva, o vereador n\u00e3o foi multado, por pouca relev\u00e2ncia da mesma.<\/p>\n<p style=\"text-align: justify;\"><em>Fonte: Joilson Costa<\/em><\/p>\n","protected":false},"excerpt":{"rendered":"<p>A 2\u00aa C\u00e2mara do Tribunal de Contas dos Munic\u00edpios, na ter\u00e7a-feira, 15, aprovou, com ressalvas, as contas das c\u00e2maras de vereadores de mais 14 munic\u00edpios do estado, todas referentes ao exerc\u00edcio de 2019, entre elas as contas da C\u00e2mara de Vereadores de Ribeira do Pombal-BA, que tem como presidente o vereador Bebeto.<\/p>\n","protected":false},"author":2,"featured_media":20489,"comment_status":"open","ping_status":"open","sticky":false,"template":"","format":"standard","meta":{"om_disable_all_campaigns":false,"_monsterinsights_skip_tracking":false,"_monsterinsights_sitenote_active":false,"_monsterinsights_sitenote_note":"","_monsterinsights_sitenote_category":0,"footnotes":""},"categories":[70,69,21,32,3],"tags":[1887,100,71,48,49,747,211,75,45,1048,46,129,107,44,132,230,3828,106,203,120,51,109,88,47,111,72,190],"class_list":["post-31354","post","type-post","status-publish","format-standard","has-post-thumbnail","hentry","category-destaques","category-noticias2","category-politica","category-regiao","category-ribeira-do-pombal","tag-1887","tag-adustina","tag-antas","tag-araci","tag-banzae","tag-bebeto","tag-camara-de-vereadores","tag-cicero-dantas","tag-cipo","tag-contas-aprovadas","tag-crisopolis","tag-euclides-da-cunha","tag-fatima","tag-heliopolis","tag-itapicuru","tag-jeremoabo","tag-noticias","tag-nova-soure","tag-novo-triunfo","tag-olindina","tag-paripiranga","tag-quijingue","tag-ribeira-do-amparo","tag-ribeira-do-pombal","tag-sitio-do-quinto","tag-tcm","tag-tucano"],"aioseo_notices":[],"_links":{"self":[{"href":"https:\/\/www.portalalerta.com.br\/index.php\/wp-json\/wp\/v2\/posts\/31354","targetHints":{"allow":["GET"]}}],"collection":[{"href":"https:\/\/www.portalalerta.com.br\/index.php\/wp-json\/wp\/v2\/posts"}],"about":[{"href":"https:\/\/www.portalalerta.com.br\/index.php\/wp-json\/wp\/v2\/types\/post"}],"author":[{"embeddable":true,"href":"https:\/\/www.portalalerta.com.br\/index.php\/wp-json\/wp\/v2\/users\/2"}],"replies":[{"embeddable":true,"href":"https:\/\/www.portalalerta.com.br\/index.php\/wp-json\/wp\/v2\/comments?post=31354"}],"version-history":[{"count":1,"href":"https:\/\/www.portalalerta.com.br\/index.php\/wp-json\/wp\/v2\/posts\/31354\/revisions"}],"predecessor-version":[{"id":31355,"href":"https:\/\/www.portalalerta.com.br\/index.php\/wp-json\/wp\/v2\/posts\/31354\/revisions\/31355"}],"wp:featuredmedia":[{"embeddable":true,"href":"https:\/\/www.portalalerta.com.br\/index.php\/wp-json\/wp\/v2\/media\/20489"}],"wp:attachment":[{"href":"https:\/\/www.portalalerta.com.br\/index.php\/wp-json\/wp\/v2\/media?parent=31354"}],"wp:term":[{"taxonomy":"category","embeddable":true,"href":"https:\/\/www.portalalerta.com.br\/index.php\/wp-json\/wp\/v2\/categories?post=31354"},{"taxonomy":"post_tag","embeddable":true,"href":"https:\/\/www.portalalerta.com.br\/index.php\/wp-json\/wp\/v2\/tags?post=31354"}],"curies":[{"name":"wp","href":"https:\/\/api.w.org\/{rel}","templated":true}]}}