{"id":3136,"date":"2017-12-21T15:15:49","date_gmt":"2017-12-21T17:15:49","guid":{"rendered":"http:\/\/www.portalalerta.com.br\/?p=3136"},"modified":"2017-12-21T15:15:49","modified_gmt":"2017-12-21T17:15:49","slug":"prefeitura-entrega-predios-inativos-a-associacoes-de-agricultores-e-familiares-em-ribeira-do-pombal","status":"publish","type":"post","link":"https:\/\/www.portalalerta.com.br\/index.php\/2017\/12\/21\/prefeitura-entrega-predios-inativos-a-associacoes-de-agricultores-e-familiares-em-ribeira-do-pombal\/","title":{"rendered":"Prefeitura entrega pr\u00e9dios inativos \u00e0 Associa\u00e7\u00f5es de Agricultores e familiares, em Ribeira do Pombal"},"content":{"rendered":"<div class=\"itemIntroText\" style=\"text-align: justify;\">\n<p>Em cerim\u00f4nia na C\u00e2mara de Vereadores, nessa segunda-feira, 4, presidentes de associa\u00e7\u00f5es de agricultores familiares do munic\u00edpio participaram do ato de assinatura e entrega de onze pr\u00e9dios p\u00fablicos, at\u00e9 ent\u00e3o inativos, para serem utilizados como sede de suas respectivas institui\u00e7\u00f5es, o que foi muito comemorado por todos.<\/p>\n<\/div>\n<p><!--more--><\/p>\n<div class=\"itemFullText\" style=\"text-align: justify;\">\n<p>A iniciativa das secretarias de Agricultura e Educa\u00e7\u00e3o visa, al\u00e9m de contribuir com associativismo local, evitar que os im\u00f3veis sejam consumidos pela a\u00e7\u00e3o do tempo, uma vez que, sob a responsabilidade das entidades, ser\u00e3o mantidos e devidamente cuidados prevenindo que bens p\u00fablicos sejam perdidos ou inutilizados.<\/p>\n<p><img decoding=\"async\" class=\"aligncenter\" src=\"http:\/\/pombalalerta.com.br\/images\/autoescolanobre.jpg\" border=\"0\" \/>Participaram da cerim\u00f4nia, al\u00e9m do prefeito Ricardo Maia, que dirigiu o Ato cumprimentando pessoalmente cada representante das associa\u00e7\u00f5es presentes, vereadores, representantes da Companhia de Desenvolvimento e A\u00e7\u00e3o Regional, CAR; do Conselho Municipal de Desenvolvimento Sustent\u00e1vel, CMDS; da Secretaria de Educa\u00e7\u00e3o; e do secret\u00e1rio de agricultura, Jairo Monteiro Filho; a deputada F\u00e1tima Nunes, que parabenizou a Administra\u00e7\u00e3o Municipal pelo apoio aos pequenos agricultores do munic\u00edpio.<\/p>\n<p><em>Fonte: SECOM\/ Ribeira do Pombal<\/em><\/p>\n<\/div>\n","protected":false},"excerpt":{"rendered":"<p>Em cerim\u00f4nia na C\u00e2mara de Vereadores, nessa segunda-feira, 4, presidentes de associa\u00e7\u00f5es de agricultores familiares do munic\u00edpio participaram do ato de assinatura e entrega de onze pr\u00e9dios p\u00fablicos, at\u00e9 ent\u00e3o inativos, para serem utilizados como sede de suas respectivas institui\u00e7\u00f5es, o que foi muito comemorado por todos.<\/p>\n","protected":false},"author":2,"featured_media":3137,"comment_status":"closed","ping_status":"open","sticky":false,"template":"","format":"standard","meta":{"om_disable_all_campaigns":false,"_monsterinsights_skip_tracking":false,"_monsterinsights_sitenote_active":false,"_monsterinsights_sitenote_note":"","_monsterinsights_sitenote_category":0,"footnotes":""},"categories":[69,21,32,3],"tags":[148,145,47],"class_list":["post-3136","post","type-post","status-publish","format-standard","has-post-thumbnail","hentry","category-noticias2","category-politica","category-regiao","category-ribeira-do-pombal","tag-doacao","tag-prefeitura","tag-ribeira-do-pombal"],"aioseo_notices":[],"_links":{"self":[{"href":"https:\/\/www.portalalerta.com.br\/index.php\/wp-json\/wp\/v2\/posts\/3136","targetHints":{"allow":["GET"]}}],"collection":[{"href":"https:\/\/www.portalalerta.com.br\/index.php\/wp-json\/wp\/v2\/posts"}],"about":[{"href":"https:\/\/www.portalalerta.com.br\/index.php\/wp-json\/wp\/v2\/types\/post"}],"author":[{"embeddable":true,"href":"https:\/\/www.portalalerta.com.br\/index.php\/wp-json\/wp\/v2\/users\/2"}],"replies":[{"embeddable":true,"href":"https:\/\/www.portalalerta.com.br\/index.php\/wp-json\/wp\/v2\/comments?post=3136"}],"version-history":[{"count":0,"href":"https:\/\/www.portalalerta.com.br\/index.php\/wp-json\/wp\/v2\/posts\/3136\/revisions"}],"wp:featuredmedia":[{"embeddable":true,"href":"https:\/\/www.portalalerta.com.br\/index.php\/wp-json\/wp\/v2\/media\/3137"}],"wp:attachment":[{"href":"https:\/\/www.portalalerta.com.br\/index.php\/wp-json\/wp\/v2\/media?parent=3136"}],"wp:term":[{"taxonomy":"category","embeddable":true,"href":"https:\/\/www.portalalerta.com.br\/index.php\/wp-json\/wp\/v2\/categories?post=3136"},{"taxonomy":"post_tag","embeddable":true,"href":"https:\/\/www.portalalerta.com.br\/index.php\/wp-json\/wp\/v2\/tags?post=3136"}],"curies":[{"name":"wp","href":"https:\/\/api.w.org\/{rel}","templated":true}]}}