{"id":31360,"date":"2020-12-16T14:16:30","date_gmt":"2020-12-16T17:16:30","guid":{"rendered":"https:\/\/www.portalalerta.com.br\/?p=31360"},"modified":"2020-12-16T14:16:30","modified_gmt":"2020-12-16T17:16:30","slug":"abin-nega-ao-stf-que-produziu-relatorios-para-defesa-de-flavio-bolsonaro","status":"publish","type":"post","link":"https:\/\/www.portalalerta.com.br\/index.php\/2020\/12\/16\/abin-nega-ao-stf-que-produziu-relatorios-para-defesa-de-flavio-bolsonaro\/","title":{"rendered":"Abin nega ao STF que produziu relat\u00f3rios para defesa de Fl\u00e1vio Bolsonaro"},"content":{"rendered":"<p style=\"text-align: justify;\">O Gabinete de Seguran\u00e7a Institucional (GSI), comandado pelo ministro-chefe Augusto Heleno, voltou a negar que a Ag\u00eancia Brasileira de Intelig\u00eancia (Abin) tenha feito relat\u00f3rios para ajudar o senador Fl\u00e1vio Bolsonaro no caso Queiroz, que revelou a exist\u00eancia de um suposto esquema de &#8220;rachadinhas&#8221; em seu gabinete.<!--more--><\/p>\n<p style=\"text-align: justify;\">As manifesta\u00e7\u00f5es foram enviadas como resposta a uma determina\u00e7\u00e3o da ministra C\u00e1rmen L\u00facia, relatora do caso. Segundo reportagem publicada revista &#8220;\u00c9poca&#8221; na \u00faltima sexta, 11, a Abin, vinculada ao Gabinete de Seguran\u00e7a Institucional, produziu relat\u00f3rios para Fl\u00e1vio Bolsonaro e seus advogados sobre o que deveria ser feito para anular o caso das &#8220;rachadinhas&#8221;.<\/p>\n<p style=\"text-align: justify;\"><img fetchpriority=\"high\" decoding=\"async\" class=\"size-thumbnail wp-image-4869 aligncenter\" src=\"https:\/\/www.portalalerta.com.br\/wp-content\/uploads\/2018\/02\/Auto-Escola-Nobre-720x181.jpg\" alt=\"\" width=\"720\" height=\"181\" srcset=\"https:\/\/www.portalalerta.com.br\/wp-content\/uploads\/2018\/02\/Auto-Escola-Nobre.jpg 720w, https:\/\/www.portalalerta.com.br\/wp-content\/uploads\/2018\/02\/Auto-Escola-Nobre-260x65.jpg 260w, https:\/\/www.portalalerta.com.br\/wp-content\/uploads\/2018\/02\/Auto-Escola-Nobre-50x13.jpg 50w, https:\/\/www.portalalerta.com.br\/wp-content\/uploads\/2018\/02\/Auto-Escola-Nobre-150x38.jpg 150w\" sizes=\"(max-width: 720px) 100vw, 720px\" \/>Os relat\u00f3rios seriam desdobramentos de uma reuni\u00e3o realizada em agosto entre a defesa de Fl\u00e1vio com Ramagem, Heleno e o presidente Jair Bolsonaro (sem partido), no Planalto. O ministro do GSI tamb\u00e9m afirmou que a a\u00e7\u00e3o no STF tem motiva\u00e7\u00e3o pol\u00edtica e visa &#8220;atingir a honra e a imagem dos envolvidos&#8221;.<\/p>\n<p style=\"text-align: justify;\">Filho do presidente Jair Bolsonaro, Flavio Bolsonaro foi denunciado pelo Minist\u00e9rio P\u00fablico do Rio de Janeiro sobre o caso Queiroz. A investiga\u00e7\u00e3o apura, na Assembleia Legislativa do Rio, um suposto esquema que consistiu no repasse, por funcion\u00e1rios dos gabinetes, de parte de seus sal\u00e1rios para os parlamentares.<\/p>\n<p style=\"text-align: justify;\"><em>Fonte: A Tarde<\/em><\/p>\n","protected":false},"excerpt":{"rendered":"<p>O Gabinete de Seguran\u00e7a Institucional (GSI), comandado pelo ministro-chefe Augusto Heleno, voltou a negar que a Ag\u00eancia Brasileira de Intelig\u00eancia (Abin) tenha feito relat\u00f3rios para ajudar o senador Fl\u00e1vio Bolsonaro no caso Queiroz, que revelou a exist\u00eancia de um suposto esquema de &#8220;rachadinhas&#8221; em seu gabinete.<\/p>\n","protected":false},"author":2,"featured_media":20543,"comment_status":"open","ping_status":"open","sticky":false,"template":"","format":"standard","meta":{"om_disable_all_campaigns":false,"_monsterinsights_skip_tracking":false,"_monsterinsights_sitenote_active":false,"_monsterinsights_sitenote_note":"","_monsterinsights_sitenote_category":0,"footnotes":""},"categories":[34,70,69,21],"tags":[416,100,3607,71,48,49,93,75,45,46,129,107,1976,44,132,230,3828,106,203,120,51,109,3282,88,47,111,216,190],"class_list":["post-31360","post","type-post","status-publish","format-standard","has-post-thumbnail","hentry","category-brasil","category-destaques","category-noticias2","category-politica","tag-abin","tag-adustina","tag-alexandre-ramagem","tag-antas","tag-araci","tag-banzae","tag-brasil","tag-cicero-dantas","tag-cipo","tag-crisopolis","tag-euclides-da-cunha","tag-fatima","tag-flavio-bolsonaro","tag-heliopolis","tag-itapicuru","tag-jeremoabo","tag-noticias","tag-nova-soure","tag-novo-triunfo","tag-olindina","tag-paripiranga","tag-quijingue","tag-rachadinha","tag-ribeira-do-amparo","tag-ribeira-do-pombal","tag-sitio-do-quinto","tag-stf","tag-tucano"],"aioseo_notices":[],"_links":{"self":[{"href":"https:\/\/www.portalalerta.com.br\/index.php\/wp-json\/wp\/v2\/posts\/31360","targetHints":{"allow":["GET"]}}],"collection":[{"href":"https:\/\/www.portalalerta.com.br\/index.php\/wp-json\/wp\/v2\/posts"}],"about":[{"href":"https:\/\/www.portalalerta.com.br\/index.php\/wp-json\/wp\/v2\/types\/post"}],"author":[{"embeddable":true,"href":"https:\/\/www.portalalerta.com.br\/index.php\/wp-json\/wp\/v2\/users\/2"}],"replies":[{"embeddable":true,"href":"https:\/\/www.portalalerta.com.br\/index.php\/wp-json\/wp\/v2\/comments?post=31360"}],"version-history":[{"count":1,"href":"https:\/\/www.portalalerta.com.br\/index.php\/wp-json\/wp\/v2\/posts\/31360\/revisions"}],"predecessor-version":[{"id":31361,"href":"https:\/\/www.portalalerta.com.br\/index.php\/wp-json\/wp\/v2\/posts\/31360\/revisions\/31361"}],"wp:featuredmedia":[{"embeddable":true,"href":"https:\/\/www.portalalerta.com.br\/index.php\/wp-json\/wp\/v2\/media\/20543"}],"wp:attachment":[{"href":"https:\/\/www.portalalerta.com.br\/index.php\/wp-json\/wp\/v2\/media?parent=31360"}],"wp:term":[{"taxonomy":"category","embeddable":true,"href":"https:\/\/www.portalalerta.com.br\/index.php\/wp-json\/wp\/v2\/categories?post=31360"},{"taxonomy":"post_tag","embeddable":true,"href":"https:\/\/www.portalalerta.com.br\/index.php\/wp-json\/wp\/v2\/tags?post=31360"}],"curies":[{"name":"wp","href":"https:\/\/api.w.org\/{rel}","templated":true}]}}