{"id":31362,"date":"2020-12-16T14:17:15","date_gmt":"2020-12-16T17:17:15","guid":{"rendered":"https:\/\/www.portalalerta.com.br\/?p=31362"},"modified":"2020-12-16T14:17:15","modified_gmt":"2020-12-16T17:17:15","slug":"secretaria-paroquial-de-ribeira-do-pombal-ba-e-fechada-apos-padre-ser-diagnosticado-com-covid-19","status":"publish","type":"post","link":"https:\/\/www.portalalerta.com.br\/index.php\/2020\/12\/16\/secretaria-paroquial-de-ribeira-do-pombal-ba-e-fechada-apos-padre-ser-diagnosticado-com-covid-19\/","title":{"rendered":"Secretaria Paroquial de Ribeira do Pombal-BA \u00e9 fechada, ap\u00f3s padre ser diagnosticado com Covid-19"},"content":{"rendered":"<p style=\"text-align: justify;\">Nesta ter\u00e7a-feira, 15, a Secretaria da Par\u00f3quia de Santa Teresa de Jesus, em Ribeira do Pombal-BA, informou que o Padre Jorge M\u00e1rio, foi diagnosticado com Covid-19 (Coronav\u00edrus).<!--more--><\/p>\n<p style=\"text-align: justify;\"><img fetchpriority=\"high\" decoding=\"async\" class=\"size-thumbnail wp-image-31138 aligncenter\" src=\"https:\/\/www.portalalerta.com.br\/wp-content\/uploads\/2020\/12\/Real-natal-2020-720x92.jpeg\" alt=\"\" width=\"720\" height=\"92\" \/>A nota diz ainda que por conta disso, a Secretaria em quest\u00e3o ficar\u00e1 fechada por sete dias, e alerta a todas as pessoas que tiveram contato com o vig\u00e1rio, e que por ventura sintam alguns sintomas da doen\u00e7a, que procure a Unidade de Pronto Atendimento, ou entre em contato com o Disque Sa\u00fade.<\/p>\n<p style=\"text-align: justify;\">Com rela\u00e7\u00e3o ao estado de sa\u00fade do padre, \u00e9 considerado est\u00e1vel, e o mesmo se encontra em isolamento.<\/p>\n<p style=\"text-align: justify;\"><em>Reda\u00e7\u00e3o: Portal Alerta<\/em><\/p>\n<p style=\"text-align: justify;\"><strong><em>#fiqueemcasa<\/em><\/strong><\/p>\n<p style=\"text-align: justify;\"><strong><em>#usemascaras<\/em><\/strong><\/p>\n","protected":false},"excerpt":{"rendered":"<p>Nesta ter\u00e7a-feira, 15, a Secretaria da Par\u00f3quia de Santa Teresa de Jesus, em Ribeira do Pombal-BA, informou que o Padre Jorge M\u00e1rio, foi diagnosticado com Covid-19 (Coronav\u00edrus).<\/p>\n","protected":false},"author":2,"featured_media":31363,"comment_status":"open","ping_status":"open","sticky":false,"template":"","format":"standard","meta":{"om_disable_all_campaigns":false,"_monsterinsights_skip_tracking":false,"_monsterinsights_sitenote_active":false,"_monsterinsights_sitenote_note":"","_monsterinsights_sitenote_category":0,"footnotes":""},"categories":[70,69,32,3,19],"tags":[100,71,48,49,75,45,3429,3486,46,129,107,44,132,230,3828,106,203,120,296,51,109,88,47,61,111,190],"class_list":["post-31362","post","type-post","status-publish","format-standard","has-post-thumbnail","hentry","category-destaques","category-noticias2","category-regiao","category-ribeira-do-pombal","category-saude","tag-adustina","tag-antas","tag-araci","tag-banzae","tag-cicero-dantas","tag-cipo","tag-coronavirus","tag-covid-19","tag-crisopolis","tag-euclides-da-cunha","tag-fatima","tag-heliopolis","tag-itapicuru","tag-jeremoabo","tag-noticias","tag-nova-soure","tag-novo-triunfo","tag-olindina","tag-padre","tag-paripiranga","tag-quijingue","tag-ribeira-do-amparo","tag-ribeira-do-pombal","tag-saude","tag-sitio-do-quinto","tag-tucano"],"aioseo_notices":[],"_links":{"self":[{"href":"https:\/\/www.portalalerta.com.br\/index.php\/wp-json\/wp\/v2\/posts\/31362","targetHints":{"allow":["GET"]}}],"collection":[{"href":"https:\/\/www.portalalerta.com.br\/index.php\/wp-json\/wp\/v2\/posts"}],"about":[{"href":"https:\/\/www.portalalerta.com.br\/index.php\/wp-json\/wp\/v2\/types\/post"}],"author":[{"embeddable":true,"href":"https:\/\/www.portalalerta.com.br\/index.php\/wp-json\/wp\/v2\/users\/2"}],"replies":[{"embeddable":true,"href":"https:\/\/www.portalalerta.com.br\/index.php\/wp-json\/wp\/v2\/comments?post=31362"}],"version-history":[{"count":1,"href":"https:\/\/www.portalalerta.com.br\/index.php\/wp-json\/wp\/v2\/posts\/31362\/revisions"}],"predecessor-version":[{"id":31364,"href":"https:\/\/www.portalalerta.com.br\/index.php\/wp-json\/wp\/v2\/posts\/31362\/revisions\/31364"}],"wp:featuredmedia":[{"embeddable":true,"href":"https:\/\/www.portalalerta.com.br\/index.php\/wp-json\/wp\/v2\/media\/31363"}],"wp:attachment":[{"href":"https:\/\/www.portalalerta.com.br\/index.php\/wp-json\/wp\/v2\/media?parent=31362"}],"wp:term":[{"taxonomy":"category","embeddable":true,"href":"https:\/\/www.portalalerta.com.br\/index.php\/wp-json\/wp\/v2\/categories?post=31362"},{"taxonomy":"post_tag","embeddable":true,"href":"https:\/\/www.portalalerta.com.br\/index.php\/wp-json\/wp\/v2\/tags?post=31362"}],"curies":[{"name":"wp","href":"https:\/\/api.w.org\/{rel}","templated":true}]}}