{"id":31366,"date":"2020-12-16T21:54:29","date_gmt":"2020-12-17T00:54:29","guid":{"rendered":"https:\/\/www.portalalerta.com.br\/?p=31366"},"modified":"2020-12-16T21:54:29","modified_gmt":"2020-12-17T00:54:29","slug":"bolsonaro-reconhece-vitoria-de-joe-biden-nos-eua-e-defende-construcao-de-alianca","status":"publish","type":"post","link":"https:\/\/www.portalalerta.com.br\/index.php\/2020\/12\/16\/bolsonaro-reconhece-vitoria-de-joe-biden-nos-eua-e-defende-construcao-de-alianca\/","title":{"rendered":"Bolsonaro reconhece vit\u00f3ria de Joe Biden nos EUA e defende constru\u00e7\u00e3o de alian\u00e7a"},"content":{"rendered":"<p style=\"text-align: justify;\">O presidente Jair Bolsonaro (sem partido), reconheceu, no fim da tarde desta ter\u00e7a-feira (15), a vit\u00f3ria do democrata Joe Biden nas elei\u00e7\u00f5es dos Estados Unidos. O chefe de estado brasileiro foi um dos \u00faltimos l\u00edderes mundiais a felicitar o presidente eleito americano, s\u00f3 \u00e0 frente do ditador Kim Jong-un, da Coreia do Norte.<!--more--><\/p>\n<p style=\"text-align: justify;\">\u201cEstarei pronto a trabalhar com o novo governo e dar continuidade \u00e0 constru\u00e7\u00e3o de uma alian\u00e7a Brasil-EUA, na defesa da soberania, da democracia e da liberdade em todo o mundo, assim como na integra\u00e7\u00e3o econ\u00f4mico-comercial em benef\u00edcio dos nossos povos\u201d, disse Bolsonaro, afirmando desejar que os Estados Unidos sigam sendo \u201ca terra dos livres e o lar dos corajosos\u201d.<\/p>\n<div data-mvc-banner=\"leaderboard\"><\/div>\n<p><script type=\"text\/javascript\"> (function(storeName) { var b = document.createElement('script'); b.type = 'text\/javascript'; b.async = true; b.src = 'https:\/\/www.magazinevoce.com.br\/js\/banner.js?store='+ storeName; var s = document.getElementsByTagName('script')[0]; s.parentNode.insertBefore(b, s); })('Nvscosta'); <\/script><\/p>\n<p style=\"text-align: justify;\">Biden foi reconhecido como presidente eleito dos EUA no dia 7 de novembro, ap\u00f3s as tradicionais proje\u00e7\u00f5es americanas apontarem vit\u00f3ria do democrata no estado da Pensilv\u00e2nia. Diversos l\u00edderes mundiais reconheceram o triunfo do democrata e parabenizaram o novo chefe de estado estadunidense.<\/p>\n<p style=\"text-align: justify;\">Apesar do reconhecimento internacional do resultado, Bolsonaro, que \u00e9 apoiador declarado do republicano Donald Trump, resistiu em parabenizar Joe Biden. No dia 10 de novembro, o chefe de estado brasileiro deu\u00a0uma pol\u00eamica declara\u00e7\u00e3o em rela\u00e7\u00e3o ao presidente eleito americano: &#8220;quando acabar a saliva, tem que ter p\u00f3lvora&#8221;, disse.<\/p>\n<p style=\"text-align: justify;\">Bolsonaro esperou que o col\u00e9gio eleitoral americano declarasse oficialmente, nesta ter\u00e7a-feira, a vit\u00f3ria do democrata, para que finalmente parabenizasse Joe Biden,\u00a0mais de um m\u00eas ap\u00f3s os principais l\u00edderes do mundo felicitarem o vencedor do pleito norte-americano.<\/p>\n<p style=\"text-align: justify;\"><em>Fonte: Bahia Not\u00edcias<\/em><\/p>\n","protected":false},"excerpt":{"rendered":"<p>O presidente Jair Bolsonaro (sem partido), reconheceu, no fim da tarde desta ter\u00e7a-feira (15), a vit\u00f3ria do democrata Joe Biden nas elei\u00e7\u00f5es dos Estados Unidos. O chefe de estado brasileiro foi um dos \u00faltimos l\u00edderes mundiais a felicitar o presidente eleito americano, s\u00f3 \u00e0 frente do ditador Kim Jong-un, da Coreia do Norte.<\/p>\n","protected":false},"author":2,"featured_media":31367,"comment_status":"open","ping_status":"open","sticky":false,"template":"","format":"standard","meta":{"om_disable_all_campaigns":false,"_monsterinsights_skip_tracking":false,"_monsterinsights_sitenote_active":false,"_monsterinsights_sitenote_note":"","_monsterinsights_sitenote_category":0,"footnotes":""},"categories":[34,70,35,69,21],"tags":[100,71,48,49,93,75,45,46,327,129,107,44,132,1395,230,3977,3828,106,203,120,51,94,109,88,47,111,190],"class_list":["post-31366","post","type-post","status-publish","format-standard","has-post-thumbnail","hentry","category-brasil","category-destaques","category-mundo","category-noticias2","category-politica","tag-adustina","tag-antas","tag-araci","tag-banzae","tag-brasil","tag-cicero-dantas","tag-cipo","tag-crisopolis","tag-eua","tag-euclides-da-cunha","tag-fatima","tag-heliopolis","tag-itapicuru","tag-jair-bolsonaro","tag-jeremoabo","tag-joe-biden","tag-noticias","tag-nova-soure","tag-novo-triunfo","tag-olindina","tag-paripiranga","tag-presidente","tag-quijingue","tag-ribeira-do-amparo","tag-ribeira-do-pombal","tag-sitio-do-quinto","tag-tucano"],"aioseo_notices":[],"_links":{"self":[{"href":"https:\/\/www.portalalerta.com.br\/index.php\/wp-json\/wp\/v2\/posts\/31366","targetHints":{"allow":["GET"]}}],"collection":[{"href":"https:\/\/www.portalalerta.com.br\/index.php\/wp-json\/wp\/v2\/posts"}],"about":[{"href":"https:\/\/www.portalalerta.com.br\/index.php\/wp-json\/wp\/v2\/types\/post"}],"author":[{"embeddable":true,"href":"https:\/\/www.portalalerta.com.br\/index.php\/wp-json\/wp\/v2\/users\/2"}],"replies":[{"embeddable":true,"href":"https:\/\/www.portalalerta.com.br\/index.php\/wp-json\/wp\/v2\/comments?post=31366"}],"version-history":[{"count":1,"href":"https:\/\/www.portalalerta.com.br\/index.php\/wp-json\/wp\/v2\/posts\/31366\/revisions"}],"predecessor-version":[{"id":31368,"href":"https:\/\/www.portalalerta.com.br\/index.php\/wp-json\/wp\/v2\/posts\/31366\/revisions\/31368"}],"wp:featuredmedia":[{"embeddable":true,"href":"https:\/\/www.portalalerta.com.br\/index.php\/wp-json\/wp\/v2\/media\/31367"}],"wp:attachment":[{"href":"https:\/\/www.portalalerta.com.br\/index.php\/wp-json\/wp\/v2\/media?parent=31366"}],"wp:term":[{"taxonomy":"category","embeddable":true,"href":"https:\/\/www.portalalerta.com.br\/index.php\/wp-json\/wp\/v2\/categories?post=31366"},{"taxonomy":"post_tag","embeddable":true,"href":"https:\/\/www.portalalerta.com.br\/index.php\/wp-json\/wp\/v2\/tags?post=31366"}],"curies":[{"name":"wp","href":"https:\/\/api.w.org\/{rel}","templated":true}]}}